{"id":21652,"date":"2022-08-26T08:53:34","date_gmt":"2022-08-26T06:53:34","guid":{"rendered":"https:\/\/sigillarium.pl\/?p=21652"},"modified":"2022-08-26T09:44:10","modified_gmt":"2022-08-26T07:44:10","slug":"spis-tresci-sfragistyka-w-warsztacie-badawczym-historyka-dziejow-najnowszych","status":"publish","type":"post","link":"https:\/\/sigillarium.pl\/index.php\/2022\/08\/26\/spis-tresci-sfragistyka-w-warsztacie-badawczym-historyka-dziejow-najnowszych\/","title":{"rendered":"Spis tre\u015bci \/ Sfragistyka w warsztacie badawczym historyka dziej\u00f3w najnowszych"},"content":{"rendered":"\n<hr class=\"wp-block-separator has-alpha-channel-opacity\"\/>\n\n\n<p>Edward Skibi\u0144ski, <em>Sfragistyka<\/em> <em>Polski<\/em> <em>ludowej&#8230;&#8230;&#8230;&#8230;&#8230;&#8230;&#8230;&#8230;&#8230;&#8230;&#8230;&#8230;&#8230;&#8230;&#8230;&#8230;&#8230;&#8230;&#8230;&#8230;&#8230;&#8230;&#8230;&#8230;&#8230;&#8230;&#8230;&#8230;&#8230;&#8230;&#8230;&#8230;&#8230;&#8230;&#8230;&#8230;&#8230;&#8230;&#8230;&#8230;&#8230; <\/em>7<\/p>\n<p>Rafa\u0142 Ko\u015bcia\u0144ski, <em>Na marginesie opisu i krytyki stempli oraz odcisk\u00f3w piecz\u0119t<\/em><em>nych<br>z okresu Polski ludowej&#8230;&#8230;&#8230;&#8230;&#8230;&#8230;&#8230;&#8230;&#8230;&#8230;&#8230;&#8230;&#8230;&#8230;&#8230;&#8230;&#8230;&#8230;&#8230;&#8230;&#8230;&#8230;&#8230;&#8230;&#8230;&#8230;&#8230;&#8230;&#8230;&#8230;&#8230;&#8230;&#8230;&#8230;&#8230;&#8230;&#8230;&#8230;&#8230;&#8230;&#8230;&#8230;&#8230;&#8230;&#8230;&#8230;&#8230;&#8230;&#8230;&#8230;&#8230;&#8230;&#8230;&#8230; <\/em>15<\/p>\n<p>Pawe\u0142 Str\u00f3\u017cyk, <em>Stan,<\/em> <em>potrzeby<\/em> <em>i<\/em> <em>mo\u017cliwo\u015bci<\/em> <em>bada\u0144<\/em> <em>nad<\/em> <em>piecz\u0119ciami<\/em> <em>polskimi&nbsp;<\/em><em>z XIX<\/em> <em>i XX<\/em> <em>wieku,<br><\/em> <em>ze szczeg\u00f3lnym uwzgl\u0119dnieniem piecz\u0119ci<\/em> <em>z lat 1939-I989&#8230;&#8230;&#8230;&#8230;&#8230;&#8230;&#8230;&#8230;&#8230;&#8230;&#8230;&#8230;&#8230;&#8230;&#8230;&#8230;&#8230;&#8230;&#8230;&#8230;&#8230;&#8230;&#8230;&#8230;&#8230;&#8230;&#8230;&#8230;&#8230;&#8230;&#8230;.. <\/em>23<\/p>\n<p><strong>Studia, komunikaty, materia\u0142y<\/strong><\/p>\n<p>Szymon Bauman, <em>Dokument w sprawie funkcjonowania piecz\u0119ci&nbsp;<\/em><em>\u017bydowskich Kongregacji Wyznaniowych<br>z 1947 roku. (Komunikat)&#8230;&#8230;&#8230;&#8230;&#8230;&#8230;&#8230;&#8230;&#8230;&#8230;&#8230;&#8230;&#8230;&#8230;&#8230;&#8230;&#8230;&#8230;&#8230;&#8230;&#8230;&#8230;&#8230;&#8230;&#8230;&#8230;&#8230;&#8230;&#8230;&#8230;&#8230;&#8230;&#8230;&#8230;&#8230;&#8230;&#8230;&#8230;&#8230;&#8230;&#8230;&#8230;&#8230;&#8230;&#8230;&#8230;&#8230;&#8230;&#8230;&#8230;&#8230;&#8230;.. <\/em>47<\/p>\n<p>Anna Chmielewska-Metka, \u0141ukasz Przyby\u0142ka, <em>Piecz\u0119cie<\/em> <em>Ochotniczej<\/em> <em>Rezerwy <\/em><em>Milicji Obywatelskiej<br>w Turku w latach 1969- 1990&#8230;&#8230;&#8230;&#8230;&#8230;&#8230;&#8230;&#8230;&#8230;&#8230;&#8230;&#8230;&#8230;&#8230;&#8230;&#8230;&#8230;&#8230;&#8230;&#8230;&#8230;&#8230;&#8230;&#8230;&#8230;&#8230;&#8230;&#8230;&#8230;&#8230;&#8230;&#8230;&#8230;&#8230;&#8230;&#8230;&#8230;&#8230;&#8230;&#8230;&#8230;&#8230;&#8230;&#8230;&#8230;&#8230;&#8230;&#8230;&#8230;&#8230;. <\/em>55<\/p>\n<p>Paulina Chrz\u0105szcz, <em>Typariusze Centralnego Zarz\u0105du Budowlanego SS i Policji <\/em><em>w zbiorach<br>Pa\u0144stwowego Muzeum Auschwitz-Birkenau w O\u015bwi\u0119cimiu&#8230;&#8230;&#8230;&#8230;&#8230;&#8230;&#8230;&#8230;&#8230;&#8230;&#8230;&#8230;&#8230;&#8230;&#8230;&#8230;&#8230;&#8230;&#8230;&#8230;&#8230;&#8230;&#8230;&#8230;&#8230;&#8230;&#8230;&#8230;&#8230;&#8230;.. <\/em>71<\/p>\n<p>Tomasz Cie\u015blak, <em>Zbi\u00f3r piecz\u0119ci z Festiwali Muzyk\u00f3w Rockowych&nbsp;<\/em><em>i Muzyki Rockowej<br>w Jarocinie w latach 1980-1989&#8230;&#8230;&#8230;&#8230;&#8230;&#8230;&#8230;&#8230;&#8230;&#8230;&#8230;&#8230;&#8230;&#8230;&#8230;&#8230;&#8230;&#8230;&#8230;&#8230;&#8230;&#8230;&#8230;&#8230;&#8230;&#8230;&#8230;&#8230;&#8230;&#8230;&#8230;&#8230;&#8230;&#8230;&#8230;&#8230;&#8230;&#8230;&#8230;&#8230;&#8230;&#8230;&#8230;&#8230;&#8230;&#8230;&#8230;. <\/em>101<\/p>\n<p>Janusz Giersz, <em>Mennica Pa\u0144stwowa <\/em><em>\u2014 <\/em><em>sprawdzony i zaufany wytw\u00f3rca piecz\u0119ci <\/em><em>urz\u0119dowych<br>w Polsce ludowej&#8230;&#8230;&#8230;&#8230;&#8230;&#8230;&#8230;&#8230;&#8230;&#8230;&#8230;&#8230;&#8230;&#8230;&#8230;&#8230;&#8230;&#8230;&#8230;&#8230;&#8230;&#8230;&#8230;&#8230;&#8230;&#8230;&#8230;&#8230;&#8230;&#8230;&#8230;&#8230;&#8230;&#8230;&#8230;&#8230;&#8230;&#8230;&#8230;&#8230;&#8230;&#8230;&#8230;&#8230;&#8230;&#8230;&#8230;&#8230;&#8230;&#8230;&#8230;&#8230;&#8230;&#8230;&#8230;&#8230;&#8230; <\/em>127<\/p>\n<p>Rafa\u0142 Ko\u015bcia\u0144ski, <em>Polska Podziemna Armia Narodowa w powiecie ko\u015bcia\u0144skim 1946-1947. <br>Wykorzystanie piecz\u0119ci do uwiarygodnienia dzia\u0142alno\u015bci konspira<\/em><em>cyjnej rzekomej organizacji&#8230;&#8230;&#8230;&#8230;&#8230;&#8230;&#8230;&#8230;&#8230;&#8230;&#8230;&#8230;&#8230;&#8230;&#8230;&#8230;&#8230;&#8230;&#8230;&#8230;&#8230;&#8230;&#8230;&#8230;&#8230;&#8230;&#8230;&#8230;&#8230;&#8230;&#8230;&#8230;&#8230;&#8230;&#8230;&#8230;&#8230;&#8230;&#8230;&#8230;&#8230;&#8230;&#8230;&#8230;&#8230;&#8230;&#8230;&#8230;&#8230;&#8230;&#8230;&#8230;&#8230;&#8230;&#8230;&#8230;&#8230;&#8230;&#8230;&#8230;&#8230; <\/em>145<\/p>\n<p>Leszek Ko\u017ami\u0144ski, <em>Zagadnienie fa\u0142szowania piecz\u0119ci <\/em><em>w <\/em><em>\u015bwietle wybranych materia\u0142\u00f3w<br>z zasobu Instytutu Pami\u0119ci Narodowej\u2026\u2026\u2026\u2026\u2026\u2026\u2026\u2026\u2026\u2026\u2026\u2026\u2026&#8230;&#8230;&#8230;&#8230;&#8230;&#8230;&#8230;&#8230;&#8230;&#8230;&#8230;&#8230;&#8230;&#8230;&#8230;&#8230;&#8230;&#8230;&#8230;&#8230;&#8230;&#8230;&#8230;&#8230;&#8230;&#8230;&#8230;.\u2026\u2026. <\/em>161<\/p>\n<p>Aleksandra Kuligowska, <em>Pr\u00f3ba<\/em> <em>systematyzacji piecz\u0119ci Milicji<\/em> <em>Obywatelskiej i Urz\u0119du Bezpiecze\u0144stwa <br>w Poznaniu (1948-1954). Na podstawie ksi\u0105g ewi<\/em><em>dencji piecz\u0119ci z zasobu<br>Instytutu Pami\u0119ci Narodowej Oddzia\u0142 w Poznaniu&#8230;&#8230;&#8230;&#8230;&#8230;&#8230;&#8230;&#8230;&#8230;&#8230;&#8230;&#8230;&#8230;&#8230;&#8230;&#8230;&#8230;&#8230;&#8230;&#8230;&#8230;&#8230;&#8230;&#8230;&#8230;&#8230;&#8230;&#8230;&#8230;&#8230;&#8230;&#8230;&#8230;&#8230;&#8230;.. <\/em>167<\/p>\n<p>Mariusz Naworski, <em>Stemple Wojew\u00f3dzkiego Urz\u0119du Cenzury <\/em><em>w <\/em><em>Lesznie zacho<\/em><em>wane w zasobie<br>Instytutu Pami\u0119ci Narodowej Oddzia\u0142 w Poznaniu&#8230;&#8230;&#8230;&#8230;&#8230;&#8230;&#8230;&#8230;&#8230;&#8230;&#8230;&#8230;&#8230;&#8230;&#8230;&#8230;&#8230;&#8230;&#8230;&#8230;&#8230;&#8230;&#8230;&#8230;&#8230;&#8230;&#8230;&#8230;&#8230;&#8230;&#8230;&#8230;&#8230;&#8230;&#8230;.. <\/em>187<\/p>\n<p>Katarzyna Okoniewska, <em>Odciski piecz\u0119ci na dokumentacji medycznej naczelne<\/em><em>go lekarza obozowego<br>i zbi\u00f3r stempli piecz\u0119tnych w zasobie archiwum Muzeum <\/em><em>Stutthof <br>w Sztutowie&#8230;&#8230;&#8230;&#8230;&#8230;&#8230;&#8230;&#8230;&#8230;&#8230;&#8230;&#8230;&#8230;&#8230;&#8230;&#8230;&#8230;&#8230;&#8230;&#8230;&#8230;&#8230;&#8230;&#8230;&#8230;&#8230;&#8230;&#8230;&#8230;&#8230;&#8230;&#8230;&#8230;&#8230;&#8230;&#8230;&#8230;&#8230;&#8230;&#8230;&#8230;&#8230;&#8230;&#8230;&#8230;&#8230;&#8230;&#8230;&#8230;&#8230;&#8230;&#8230;&#8230;&#8230;&#8230;&#8230;&#8230;&#8230;&#8230;&#8230;. <\/em>205<\/p>\n<p>Piotr Orzechowski, <em>Piecz\u0119cie w sprawozdaniach i raportach wybranych po<\/em><em>wiatowych<br><\/em> <em>urz\u0119d\u00f3w bezpiecze\u0144stwa publicznego wojew\u00f3dztwa pozna\u0144skiego <\/em><em>w latach 1945-1954&#8230;&#8230;&#8230;&#8230;&#8230;&#8230;&#8230;&#8230;&#8230;&#8230;. <\/em>219<\/p>\n<p>Agata W\u0105sewicz-Madejek, <em>Konspiracyjne<\/em> <em>fa\u0142szowanie piecz\u0119ci. <br>Przypadek&nbsp;<\/em><em>Jana Brodzisza&#8230;&#8230;&#8230;&#8230;&#8230;&#8230;&#8230;&#8230;&#8230;&#8230;&#8230;&#8230;&#8230;&#8230;&#8230;&#8230;&#8230;&#8230;&#8230;&#8230;&#8230;&#8230;&#8230;&#8230;&#8230;&#8230;&#8230;&#8230;&#8230;&#8230;&#8230;&#8230;&#8230;&#8230;&#8230;&#8230;&#8230;&#8230;&#8230;&#8230;&#8230;&#8230;&#8230;&#8230;&#8230;&#8230;&#8230;&#8230;&#8230;&#8230;.. <\/em>233<\/p>\n<p><strong>|<u>Zbigniew Wielgosz<\/u>|<\/strong>,<em> O korzy\u015bciach p\u0142yn\u0105cych z badania piecz\u0119ci szkolnych <br>z prze\u0142omu lat czterdziestych i pi\u0119\u0107dziesi\u0105tych XX w.&nbsp;<\/em><em>Przyk\u0142ad <\/em><em>szko\u0142y \u015bredniej z Ko\u015bciana (komunikat)<\/em><\/p>\n<p>do druku przygotowa\u0142a Ewa Wielgosz-Skorupka&#8230;&#8230;&#8230;&#8230;&#8230;&#8230;&#8230;&#8230;&#8230;&#8230;&#8230;&#8230;&#8230;&#8230;&#8230;&#8230;&#8230;&#8230;&#8230;&#8230;&#8230;&#8230;&#8230;&#8230;&#8230;&#8230;&#8230;&#8230;&#8230;&#8230;&#8230;&#8230;&#8230;&#8230;&#8230;. 275<\/p>\n<p>Antoni Zieli\u0144ski, <em>Zbiory piecz\u0119ci (t\u0142ok\u00f3w, stempli i odcisk\u00f3w) w zasobie Insty<\/em><em>tutu <br>Pami\u0119ci Narodowej.<\/em><em> Wybrane aspekty (komunikat)&#8230;&#8230;&#8230;&#8230;&#8230;&#8230;&#8230;&#8230;&#8230;&#8230;&#8230;&#8230;&#8230;&#8230;&#8230;&#8230;&#8230;&#8230;&#8230;&#8230;&#8230;&#8230;&#8230;&#8230;&#8230;&#8230;&#8230;&#8230;&#8230;&#8230;&#8230;&#8230;&#8230;&#8230;.. <\/em>281<\/p>\n<p><strong>Bibliografia&#8230;&#8230;&#8230;&#8230;&#8230;&#8230;&#8230;&#8230;&#8230;&#8230;&#8230;&#8230;&#8230;&#8230;&#8230;&#8230;&#8230;&#8230;&#8230;&#8230;&#8230;&#8230;&#8230;&#8230;&#8230;&#8230;&#8230;&#8230;&#8230;&#8230;&#8230;&#8230;&#8230;&#8230;&#8230;&#8230;&#8230;&#8230;&#8230;&#8230;&#8230;&#8230;&#8230;&#8230;&#8230;&#8230;&#8230;&#8230;&#8230;&#8230;&#8230;&#8230;&#8230;. <\/strong>297<\/p>\n<p><strong>O Autorach&#8230;&#8230;&#8230;&#8230;&#8230;&#8230;&#8230;&#8230;&#8230;&#8230;&#8230;&#8230;&#8230;&#8230;&#8230;&#8230;&#8230;&#8230;&#8230;&#8230;&#8230;&#8230;&#8230;&#8230;&#8230;&#8230;&#8230;&#8230;&#8230;&#8230;&#8230;&#8230;&#8230;&#8230;&#8230;&#8230;&#8230;&#8230;&#8230;&#8230;&#8230;&#8230;&#8230;&#8230;&#8230;&#8230;&#8230;&#8230;&#8230;&#8230;&#8230;&#8230;&#8230;. <\/strong>309<\/p>","protected":false},"excerpt":{"rendered":"<p>Edward Skibi\u0144ski, Sfragistyka Polski ludowej&#8230;&#8230;&#8230;&#8230;&#8230;&#8230;&#8230;&#8230;&#8230;&#8230;&#8230;&#8230;&#8230;&#8230;&#8230;&#8230;&#8230;&#8230;&#8230;&#8230;&#8230;&#8230;&#8230;&#8230;&#8230;&#8230;&#8230;&#8230;&#8230;&#8230;&#8230;&#8230;&#8230;&#8230;&#8230;&#8230;&#8230;&#8230;&#8230;&#8230;&#8230; 7 Rafa\u0142 Ko\u015bcia\u0144ski, Na marginesie opisu i krytyki stempli oraz odcisk\u00f3w piecz\u0119tnychz okresu Polski ludowej&#8230;&#8230;&#8230;&#8230;&#8230;&#8230;&#8230;&#8230;&#8230;&#8230;&#8230;&#8230;&#8230;&#8230;&#8230;&#8230;&#8230;&#8230;&#8230;&#8230;&#8230;&#8230;&#8230;&#8230;&#8230;&#8230;&#8230;&#8230;&#8230;&#8230;&#8230;&#8230;&#8230;&#8230;&#8230;&#8230;&#8230;&#8230;&#8230;&#8230;&#8230;&#8230;&#8230;&#8230;&#8230;&#8230;&#8230;&#8230;&#8230;&#8230;&#8230;&#8230;&#8230;&#8230; 15 Pawe\u0142 Str\u00f3\u017cyk, Stan, potrzeby i mo\u017cliwo\u015bci bada\u0144 nad piecz\u0119ciami&hellip; <\/p>\n","protected":false},"author":1,"featured_media":21650,"comment_status":"closed","ping_status":"closed","sticky":false,"template":"","format":"standard","meta":{"footnotes":""},"categories":[50],"tags":[],"class_list":["post-21652","post","type-post","status-publish","format-standard","has-post-thumbnail","hentry","category-podreczna-biblioteka"],"_links":{"self":[{"href":"https:\/\/sigillarium.pl\/index.php\/wp-json\/wp\/v2\/posts\/21652","targetHints":{"allow":["GET"]}}],"collection":[{"href":"https:\/\/sigillarium.pl\/index.php\/wp-json\/wp\/v2\/posts"}],"about":[{"href":"https:\/\/sigillarium.pl\/index.php\/wp-json\/wp\/v2\/types\/post"}],"author":[{"embeddable":true,"href":"https:\/\/sigillarium.pl\/index.php\/wp-json\/wp\/v2\/users\/1"}],"replies":[{"embeddable":true,"href":"https:\/\/sigillarium.pl\/index.php\/wp-json\/wp\/v2\/comments?post=21652"}],"version-history":[{"count":31,"href":"https:\/\/sigillarium.pl\/index.php\/wp-json\/wp\/v2\/posts\/21652\/revisions"}],"predecessor-version":[{"id":21688,"href":"https:\/\/sigillarium.pl\/index.php\/wp-json\/wp\/v2\/posts\/21652\/revisions\/21688"}],"wp:featuredmedia":[{"embeddable":true,"href":"https:\/\/sigillarium.pl\/index.php\/wp-json\/wp\/v2\/media\/21650"}],"wp:attachment":[{"href":"https:\/\/sigillarium.pl\/index.php\/wp-json\/wp\/v2\/media?parent=21652"}],"wp:term":[{"taxonomy":"category","embeddable":true,"href":"https:\/\/sigillarium.pl\/index.php\/wp-json\/wp\/v2\/categories?post=21652"},{"taxonomy":"post_tag","embeddable":true,"href":"https:\/\/sigillarium.pl\/index.php\/wp-json\/wp\/v2\/tags?post=21652"}],"curies":[{"name":"wp","href":"https:\/\/api.w.org\/{rel}","templated":true}]}}