{"id":24642,"date":"2023-04-02T12:56:59","date_gmt":"2023-04-02T10:56:59","guid":{"rendered":"https:\/\/sigillarium.pl\/?p=24642"},"modified":"2024-12-19T23:46:00","modified_gmt":"2024-12-19T22:46:00","slug":"nowe-obiekty-marzec-2023","status":"publish","type":"post","link":"https:\/\/sigillarium.pl\/index.php\/2023\/04\/02\/nowe-obiekty-marzec-2023\/","title":{"rendered":"Nowe obiekty (marzec 2023)"},"content":{"rendered":"\n<hr class=\"wp-block-separator has-alpha-channel-opacity\"\/>\n\n\n\n<p><\/p><p><\/p><p style=\"text-align: justify\">&nbsp;&nbsp;&nbsp;&nbsp;W marcu 2023 do galerii Sigillarium.pl pozyskano zdj\u0119cia dziewi\u0119tnastu t\u0142ok\u00f3w piecz\u0119ci i stempli. W\u015br\u00f3d nich na uwag\u0119 zas\u0142uguje typariusz osobisty nale\u017c\u0105cy do Stanis\u0142awa Aleksandra Ma\u0142achwskiego (1770-1849), hrabiego, genera\u0142a brygady Ksi\u0119stwa Warszawskiego, senatora-kasztelana oraz regimentarza wojew\u00f3dztw na lewym brzegu Wis\u0142y w powstaniu listopadowym. Ciekawostk\u0105 jest tak\u017ce patriotyczny typariusz z Francji, prezentuj\u0105cy Napoleona dekoruj\u0105cego w Boulogne (16 sierpnia 1804 roku) Legi\u0105 Honorow\u0105 swoich zas\u0142u\u017conych \u017co\u0142nierzy. Od tego dnia w stosunku do armii francuskiej u\u017cywa\u0142o si\u0119 okre\u015blenia Wielka Armia, a jej god\u0142em sta\u0142 si\u0119 orze\u0142. Ciekawostk\u0105 jest tak\u017ce piecz\u0119\u0107 z Galicji nale\u017c\u0105ca do dow\u00f3dztwa Twierdzy Krak\u00f3w. W nowych nabytkach znajduje si\u0119 tak\u017ce t\u0142ok ko\u015bcio\u0142a \u015bw. Anny w Broniszowie z XVII w., kilka t\u0142ok\u00f3w z Kr\u00f3lestwa Polskiego, a tak\u017ce t\u0142ok Komendanta O\u015brodka Pracy w Niwce (w zasadzie mo\u017cna powiedzie\u0107 obozu pracy) z okresu PRL.  <br><br>  T\u0142oki piecz\u0119tne i stemple zaprezentowano poni\u017cej&nbsp;w&nbsp;kolejno\u015bci alfabetycznej wzgl\u0119dem nazwy miejscowo\u015bci przywo\u0142anej w legendzie lub odtworzonej ze \u017ar\u00f3de\u0142 historycznych (dodatkowo zostan\u0105 one umieszczone r\u00f3wnolegle&nbsp;w&nbsp;odpowiednich grupach tematycznych w sekcji -&gt; <a href=\"http:\/\/sigillarium.pl\/index.php\/galeria\/zbiory-prywatne\/\">Galeria &#8211; zbiory prywatne<\/a>).<\/p><p><\/p>\n\n\n\n<p>Pod nazw\u0105 miejscowo\u015bci w tabeli podpi\u0119ty jest link do szczeg\u00f3\u0142owych informacji. <br>Klikni\u0119cie na obraz matrycy powoduje jego powi\u0119kszenie.    <\/p>\n\n\n\n<hr class=\"wp-block-separator has-css-opacity\"\/>\n\n\n\n<p class=\"has-vivid-red-color has-text-color\"><strong><big>T\u0142oki piecz\u0119ci z ziem historycznie zwi\u0105zanych z pa\u0144stwem polskim<\/big><\/strong> <\/p>\n\n\n\n<hr class=\"wp-block-separator has-css-opacity\"\/>\n\n\n\n<div class=\"wp-block-columns is-layout-flex wp-container-core-columns-is-layout-9d6595d7 wp-block-columns-is-layout-flex\">\n<div class=\"wp-block-column is-layout-flow wp-block-column-is-layout-flow\" style=\"flex-basis:1%\"><\/div>\n\n\n\n<div class=\"wp-block-column is-vertically-aligned-center is-layout-flow wp-block-column-is-layout-flow\" style=\"flex-basis:23%\">\n<figure class=\"wp-block-gallery aligncenter has-nested-images columns-default is-cropped wp-block-gallery-1 is-layout-flex wp-block-gallery-is-layout-flex\">\n<figure class=\"wp-block-image size-full\"><a href=\"https:\/\/sigillarium.pl\/wp-content\/uploads\/2023\/03\/Boncza-Urzednik-stanu-cywilnego-pieczec-seal-petschaft-siegel-sceau-sigillarium-1.jpg..jpg\"><img loading=\"lazy\" decoding=\"async\" width=\"998\" height=\"1011\" data-id=\"24707\" src=\"https:\/\/sigillarium.pl\/wp-content\/uploads\/2023\/03\/Boncza-Urzednik-stanu-cywilnego-pieczec-seal-petschaft-siegel-sceau-sigillarium-1.jpg..jpg\" alt=\"\" class=\"wp-image-24707\" srcset=\"https:\/\/sigillarium.pl\/wp-content\/uploads\/2023\/03\/Boncza-Urzednik-stanu-cywilnego-pieczec-seal-petschaft-siegel-sceau-sigillarium-1.jpg..jpg 998w, https:\/\/sigillarium.pl\/wp-content\/uploads\/2023\/03\/Boncza-Urzednik-stanu-cywilnego-pieczec-seal-petschaft-siegel-sceau-sigillarium-1.jpg.-296x300.jpg 296w, https:\/\/sigillarium.pl\/wp-content\/uploads\/2023\/03\/Boncza-Urzednik-stanu-cywilnego-pieczec-seal-petschaft-siegel-sceau-sigillarium-1.jpg.-768x778.jpg 768w\" sizes=\"auto, (max-width: 998px) 100vw, 998px\" \/><\/a><\/figure>\n<\/figure>\n<\/div>\n\n\n\n<div class=\"wp-block-column is-layout-flow wp-block-column-is-layout-flow\" style=\"flex-basis:1%\"><\/div>\n\n\n\n<div class=\"wp-block-column is-vertically-aligned-center is-layout-flow wp-block-column-is-layout-flow\" style=\"flex-basis:24%\"><div class=\"wp-block-image\">\n<figure class=\"aligncenter size-large is-resized\"><img loading=\"lazy\" decoding=\"async\" src=\"https:\/\/sigillarium.pl\/wp-content\/uploads\/2023\/03\/Boncza-Urzednik-stanu-cywilnego-uchwyt-pieczec-seal-petschaft-siegel-sceau-sigillarium.jpg-442x1024.jpg\" alt=\"\" class=\"wp-image-24663\" width=\"160\" height=\"372\"\/><\/figure>\n<\/div><\/div>\n\n\n\n<div class=\"wp-block-column is-layout-flow wp-block-column-is-layout-flow\" style=\"flex-basis:1%\"><\/div>\n\n\n\n<div class=\"wp-block-column is-layout-flow wp-block-column-is-layout-flow\" style=\"flex-basis:49%\">\n<style> td {font-size: 11px; color: black; font-family: Arial;} <\/style>\n<table style=\"width: 500px; height: 150px;\">\n\t<tbody><tr>\n\t\t<td style=\"background-color: #DDDDDD; width:6%; text-align: center; \"><b>1<\/b><\/td>\n\t\t<td style=\"padding-left: 8px;\">kolekcja prywatna<\/td>\n\t<\/tr>\n\t<tr>\n\t\t<td style=\"background-color: #DDDDDD; text-align: center; \"><b>2<\/b><\/td>\n<td style=\"background-color: #FFFF99; white-space: nowrap; padding-left: 8px;\"><b><big><big><a href=\"https:\/\/pl.wikipedia.org\/wiki\/Bo%C5%84cza_(wojew%C3%B3dztwo_lubelskie)&quot;\">BO\u0143CZA<\/a><\/big><\/big><\/b><br><b><big> Urz\u0119dnik stanu cywilnego<\/big><\/b><\/td>\n\t<\/tr>\n\t<tr>\n\t\t<td style=\"background-color: #DDDDDD; text-align: center; \"><b>3a<\/b><\/td>\n\t\t<td style=\"padding-left: 8px;\">mosi\u0105dz<\/td>\n\t<\/tr>\n\t<tr>\n\t\t<td style=\"background-color: #DDDDDD; text-align: center; \"><b>3b<\/b><\/td>\n\t\t<td style=\"padding-left: 8px;\"> drewno <\/td>\n\t<\/tr>\n\t<tr>\n\t\t<td style=\"background-color: #DDDDDD; text-align: center; \"><b>4<\/b><\/td>\n\t\t<td style=\"padding-left: 8px;\">okr\u0105g\u0142a \u00d8 25 mm<\/td>\n\t<\/tr>\n\t<tr>\n\t\t<td style=\"background-color: #DDDDDD; text-align: center; \"><b>5<\/b><\/td>\n\t\t<td style=\"padding-left: 8px;\">wypuk\u0142oryty<\/td>\n\t<\/tr>\n\t<tr>\n\t\t<td style=\"background-color: #DDDDDD; text-align: center; \"><b>6<\/b><\/td>\n<td style=\"padding-left: 8px;\">&#8211;<\/td>\n\t<\/tr>\n<tr>\n\t\t<td style=\"background-color: #DDDDDD; text-align: center; \"><b>7<\/b><\/td>\n<td style=\"padding-left: 8px;\"> uchwyt toczony o sp\u0142aszczonej ga\u0142ce <\/td>\n\t<\/tr>\n\t<tr>\n\t\t<td style=\"background-color: #DDDDDD; text-align: center; \"><b>7a<\/b><\/td>\n\t\t<td style=\"padding-left: 8px;\">80 mm<\/td>\n\t<\/tr>\n\t<tr>\n\t\t<td style=\"background-color: #DDDDDD; text-align: center; \"><b>7b<\/b><\/td>\n\t\t<td style=\"padding-left: 8px;\">73 mm, w tym skuwka 11 mm (\u00d8 13 mm)<\/td>\n\t<\/tr>\n\t<tr>\n\t\t<td style=\"background-color: #DDDDDD; text-align: center; \"><b>7c<\/b><\/td>\n\t\t<td style=\"padding-left: 8px;\">7 mm<\/td>\n\t<\/tr>\n\t<tr>\n\t\t<td style=\"background-color: #DDDDDD; text-align: center; \"><b>8<\/b><\/td>\n<td style=\"padding-left: 8px;\">&#8211;<\/td>\n\t<\/tr>\n\t<tr>\n\t\t<td style=\"background-color: #DDDDDD; text-align: center; \"><b>9a<\/b><\/td>\n\t\t<td style=\"padding-left: 8px;\">majusku\u0142a<\/td>\n\t<\/tr>\n\t<tr>\n\t\t<td style=\"background-color: #DDDDDD; text-align: center; \"><b>9b<\/b><\/td>\n<td style=\"padding-left: 8px;\"><br> w p\u00f3\u0142otoku g\u00f3rnym: <b> POW <i>(iat):<\/i> HRUBIESZOWSKI<\/b><br>w dw\u00f3ch p\u00f3\u0142otokach dolnych:<b> URZ\u0118D <i>(nik): <\/i> STANU CYWIL<i> (nego):<\/i> \/\/ PAR <i> (afii): <\/i> R <i> (itus). <\/i>G<i>  (reco):<\/i>U <i>(nicum): BO\u0143CZA <\/b><i><br><br><!-- td-->\n\t<\/i><\/td><\/tr>\n\t<tr>\n\t\t<td style=\"background-color: #DDDDDD; text-align: center; \"><b>10<\/b><\/td>\n<td style=\"padding-left: 8px;\"> W polu piecz\u0119ci  wizerunek dwug\u0142owego or\u0142a ukoronowanego, pod wsp\u00f3ln\u0105 koron\u0105, z ber\u0142em i jab\u0142kiem w szponach. Na jego piersi herb Orze\u0142 Bia\u0142y. Wizerunek ustalony dla herbu (god\u0142a) Kr\u00f3lestwa Polskiego w 1842 .r i u\u017cywany do 1858 r. Na zewn\u0105trz, wok\u00f3\u0142 pola piecz\u0119ci, pojedyncze obrze\u017cenie ci\u0105g\u0142e.<\/td><\/tr>\n\t<tr>\n\t\t<td style=\"background-color: #DDDDDD; text-align: center; \"><b>11<\/b><\/td>\n<td style=\"padding-left: 8px;\">&#8211;  <\/td>\n\t<\/tr>\n\t<tr>\n\t\t<td style=\"background-color: #DDDDDD; text-align: center; \"><b>12<\/b><\/td>\n\t\t<td style=\"padding-left: 8px;\">&#8211;<\/td>\n\t<\/tr>\n<\/tbody><\/table>\n\n\n\n<p style=\"text-transform:capitalize\"> <a rel=\"noreferrer noopener\" href=\"http:\/\/sigillarium.pl\/index.php\/legenda-do-opisu-tloka-pieczetnego\/\" target=\"_blank\">Legenda<\/a><\/p>\n<\/div>\n<\/div>\n\n\n\n<hr class=\"wp-block-separator has-alpha-channel-opacity\"\/>\n\n\n\n<div class=\"wp-block-columns is-layout-flex wp-container-core-columns-is-layout-9d6595d7 wp-block-columns-is-layout-flex\">\n<div class=\"wp-block-column is-layout-flow wp-block-column-is-layout-flow\" style=\"flex-basis:1%\"><\/div>\n\n\n\n<div class=\"wp-block-column is-vertically-aligned-center is-layout-flow wp-block-column-is-layout-flow\" style=\"flex-basis:23%\">\n<figure class=\"wp-block-gallery aligncenter has-nested-images columns-default is-cropped wp-block-gallery-2 is-layout-flex wp-block-gallery-is-layout-flex\">\n<figure class=\"wp-block-image size-large\"><a href=\"https:\/\/sigillarium.pl\/wp-content\/uploads\/2023\/04\/Broniszow-Brunzelwald-Kosciol-parafialny-pieczec-seal-petschaf-siegel-sceau-cachet-sigillarium.jpg\"><img loading=\"lazy\" decoding=\"async\" width=\"1024\" height=\"1006\" data-id=\"24755\" src=\"https:\/\/sigillarium.pl\/wp-content\/uploads\/2023\/04\/Broniszow-Brunzelwald-Kosciol-parafialny-pieczec-seal-petschaf-siegel-sceau-cachet-sigillarium-1024x1006.jpg\" alt=\"\" class=\"wp-image-24755\" srcset=\"https:\/\/sigillarium.pl\/wp-content\/uploads\/2023\/04\/Broniszow-Brunzelwald-Kosciol-parafialny-pieczec-seal-petschaf-siegel-sceau-cachet-sigillarium-1024x1006.jpg 1024w, https:\/\/sigillarium.pl\/wp-content\/uploads\/2023\/04\/Broniszow-Brunzelwald-Kosciol-parafialny-pieczec-seal-petschaf-siegel-sceau-cachet-sigillarium-300x295.jpg 300w, https:\/\/sigillarium.pl\/wp-content\/uploads\/2023\/04\/Broniszow-Brunzelwald-Kosciol-parafialny-pieczec-seal-petschaf-siegel-sceau-cachet-sigillarium-768x755.jpg 768w, https:\/\/sigillarium.pl\/wp-content\/uploads\/2023\/04\/Broniszow-Brunzelwald-Kosciol-parafialny-pieczec-seal-petschaf-siegel-sceau-cachet-sigillarium.jpg 1030w\" sizes=\"auto, (max-width: 1024px) 100vw, 1024px\" \/><\/a><\/figure>\n<\/figure>\n<\/div>\n\n\n\n<div class=\"wp-block-column is-layout-flow wp-block-column-is-layout-flow\" style=\"flex-basis:1%\"><\/div>\n\n\n\n<div class=\"wp-block-column is-vertically-aligned-center is-layout-flow wp-block-column-is-layout-flow\" style=\"flex-basis:23%\"><div class=\"wp-block-image\">\n<figure class=\"aligncenter size-full is-resized\"><img loading=\"lazy\" decoding=\"async\" src=\"https:\/\/sigillarium.pl\/wp-content\/uploads\/2023\/04\/Broniszow-Brunzelwald-Kosciol-parafialny-pieczec-uchwyt-seal-petschaf-siegel-sceau-cachet-sigillarium.jpg\" alt=\"\" class=\"wp-image-24756\" width=\"89\" height=\"353\"\/><\/figure>\n<\/div><\/div>\n\n\n\n<div class=\"wp-block-column is-layout-flow wp-block-column-is-layout-flow\" style=\"flex-basis:1%\"><\/div>\n\n\n\n<div class=\"wp-block-column is-layout-flow wp-block-column-is-layout-flow\" style=\"flex-basis:48%\">\n<style> td {font-size: 11px; color: black; font-family: Arial;} <\/style>\n<table style=\"width: 500px; height: 150px;\">\n\t<tr>\n\t\t<td style=\"background-color: #DDDDDD; width:6%; text-align: center; \"><b>1<\/b><\/td>\n\t\t<td style=\"padding-left: 8px;\">kolekcja prywatna<\/td>\n\t<\/tr>\n\t<tr>\n\t\t<td style=\"background-color: #DDDDDD; text-align: center; \"><b>2<\/b><\/td>\n<td style=\"background-color: #FFFF99; white-space: nowrap; padding-left: 8px;\"><b><big><big> <a href=\" https:\/\/pl.wikipedia.org\/wiki\/Bronisz%C3%B3w_(wojew%C3%B3dztwo_lubuskie)\"> BRONISZ\u00d3W<a> <\/big><\/big><br \/><big> Ko\u015bci\u00f3\u0142<\/big><br \/ ><\/td>\n\t<\/tr>\n\t<tr>\n\t\t<td style=\"background-color: #DDDDDD; text-align: center; \"><b>3a<\/b><\/td>\n\t\t<td style=\"padding-left: 8px;\">stal<\/td>\n\t<\/tr>\n\t<tr>\n\t\t<td style=\"background-color: #DDDDDD; text-align: center; \"><b>3b<\/b><\/td>\n\t\t<td style=\"padding-left: 8px;\">stal<\/td>\n\t<\/tr>\n\t<tr>\n\t\t<td style=\"background-color: #DDDDDD; text-align: center; \"><b>4<\/b><\/td>\n\t\t<td style=\"padding-left: 8px;\">okr\u0105g\u0142a \u00d8 22 mm<\/td>\n\t<\/tr>\n\t<tr>\n\t\t<td style=\"background-color: #DDDDDD; text-align: center; \"><b>5<\/b><\/td>\n\t\t<td style=\"padding-left: 8px;\">wkl\u0119s\u0142oryty<\/td>\n\t<\/tr>\n\t<tr>\n\t\t<td style=\"background-color: #DDDDDD; text-align: center; \"><b>6<\/b><\/td>\n<td style=\"padding-left: 8px;\">&#8211;<\/td>\n\t<\/tr>\n<tr>\n\t\t<td style=\"background-color: #DDDDDD; text-align: center; \"><b>7<\/b><\/td>\n<td style=\"padding-left: 8px;\">uchwyt o formie graniastos\u0142upa o o\u015bmiok\u0105tnej podstawie <\/td>\n\t<\/tr>\n\t<tr>\n\t\t<td style=\"background-color: #DDDDDD; text-align: center; \"><b>7a<\/b><\/td>\n\t\t<td style=\"padding-left: 8px;\"> 90 mm<\/td>\n\t<\/tr>\n\t<tr>\n\t\t<td style=\"background-color: #DDDDDD; text-align: center; \"><b>7b<\/b><\/td>\n<td style=\"padding-left: 8px;\">&#8211; <\/td>\n\t<\/tr>\n\t<tr>\n\t\t<td style=\"background-color: #DDDDDD; text-align: center; \"><b>7c<\/b><\/td>\n\t\t<td style=\"padding-left: 8px;\"> &#8211;<\/td>\n\t<\/tr>\n\t<tr>\n\t\t<td style=\"background-color: #DDDDDD; text-align: center; \"><b>8<\/b><\/td>\n<td style=\"padding-left: 8px;\">&#8211;<\/td>\n\t<\/tr>\n\t<tr>\n\t\t<td style=\"background-color: #DDDDDD; text-align: center; \"><b>9a<\/b><\/td>\n\t\t<td style=\"padding-left: 8px;\">majusku\u0142a<\/td>\n\t<\/tr>\n\t<tr>\n\t\t<td style=\"background-color: #DDDDDD; text-align: center; \"><b>9b<\/b><\/td>\n<td style=\"padding-left: 8px;\"> <br \/>w otoku:  <b> * SIGILLVM: ECCLESIAE: BRVNZELVALD <\/b><br \/> <br \/><\/td> \n<\/tr>\n\t<tr>\t\n\t\t<td style=\"background-color: #DDDDDD; text-align: center; \"><b>10<\/b><\/td>\n<td style=\"padding-left: 8px;\"> W polu piecz\u0119ci, oddzielonym od pola legendy podw\u00f3jnym obrze\u017ceniem; ci\u0105g\u0142ym i pere\u0142kowym, monogram ANA. Powy\u017cej grecka litera omega. Na zewn\u0105trz, wok\u00f3\u0142 pola legendy, pojedyncze obrze\u017cenie pere\u0142kowe.<\/td>\n<\/tr>\n\t<tr>\n\t\t<td style=\"background-color: #DDDDDD; text-align: center; \"><b>11<\/b><\/td>\n<td style=\"padding-left: 8px;\">&#8211;<\/td>\n\t<\/tr>\n\t<tr>\n\t\t<td style=\"background-color: #DDDDDD; text-align: center; \"><b>12<\/b><\/td>\n<td style=\"padding-left: 8px;\">Zobacz dodatkowo: <a href=\"https:\/\/pl.wikipedia.org\/wiki\/Ko%C5%9Bci%C3%B3%C5%82_%C5%9Bw._Anny_w_Broniszowie \">Ko\u015bci\u00f3\u0142 \u015bw. Anny w Broniszowie<a> <\/td>\n\t<\/tr>\n<\/table>\n\n\n\n<p> <a rel=\"noreferrer noopener\" href=\"http:\/\/sigillarium.pl\/index.php\/legenda-do-opisu-tloka-pieczetnego\/\" target=\"_blank\">Legenda<\/a><\/p>\n<\/div>\n<\/div>\n\n\n\n<hr class=\"wp-block-separator has-alpha-channel-opacity\"\/>\n\n\n\n<div class=\"wp-block-columns is-layout-flex wp-container-core-columns-is-layout-9d6595d7 wp-block-columns-is-layout-flex\">\n<div class=\"wp-block-column is-layout-flow wp-block-column-is-layout-flow\" style=\"flex-basis:1%\"><\/div>\n\n\n\n<div class=\"wp-block-column is-vertically-aligned-center is-layout-flow wp-block-column-is-layout-flow\" style=\"flex-basis:23%\">\n<figure class=\"wp-block-gallery aligncenter has-nested-images columns-default is-cropped wp-block-gallery-3 is-layout-flex wp-block-gallery-is-layout-flex\">\n<figure class=\"wp-block-image size-large\"><a href=\"https:\/\/sigillarium.pl\/wp-content\/uploads\/2023\/03\/Chelm-Urzednik-stsnu-cywilnego-pieczec-seal-petschaft-siegel-sceau-sigillarium-1.jpg\"><img loading=\"lazy\" decoding=\"async\" width=\"1024\" height=\"1009\" data-id=\"24721\" src=\"https:\/\/sigillarium.pl\/wp-content\/uploads\/2023\/03\/Chelm-Urzednik-stsnu-cywilnego-pieczec-seal-petschaft-siegel-sceau-sigillarium-1-1024x1009.jpg\" alt=\"\" class=\"wp-image-24721\" srcset=\"https:\/\/sigillarium.pl\/wp-content\/uploads\/2023\/03\/Chelm-Urzednik-stsnu-cywilnego-pieczec-seal-petschaft-siegel-sceau-sigillarium-1-1024x1009.jpg 1024w, https:\/\/sigillarium.pl\/wp-content\/uploads\/2023\/03\/Chelm-Urzednik-stsnu-cywilnego-pieczec-seal-petschaft-siegel-sceau-sigillarium-1-300x296.jpg 300w, https:\/\/sigillarium.pl\/wp-content\/uploads\/2023\/03\/Chelm-Urzednik-stsnu-cywilnego-pieczec-seal-petschaft-siegel-sceau-sigillarium-1-768x757.jpg 768w, https:\/\/sigillarium.pl\/wp-content\/uploads\/2023\/03\/Chelm-Urzednik-stsnu-cywilnego-pieczec-seal-petschaft-siegel-sceau-sigillarium-1.jpg 1075w\" sizes=\"auto, (max-width: 1024px) 100vw, 1024px\" \/><\/a><\/figure>\n<\/figure>\n<\/div>\n\n\n\n<div class=\"wp-block-column is-layout-flow wp-block-column-is-layout-flow\" style=\"flex-basis:1%\"><\/div>\n\n\n\n<div class=\"wp-block-column is-vertically-aligned-center is-layout-flow wp-block-column-is-layout-flow\" style=\"flex-basis:23%\"><div class=\"wp-block-image\">\n<figure class=\"aligncenter size-large is-resized\"><img loading=\"lazy\" decoding=\"async\" src=\"https:\/\/sigillarium.pl\/wp-content\/uploads\/2023\/03\/Chelm-Urzednik-stsnu-cywilnego-uchwyt-pieczec-seal-petschaft-siegel-sceau-sigillarium.jpg-542x1024.jpg\" alt=\"\" class=\"wp-image-24661\" width=\"190\" height=\"359\" srcset=\"https:\/\/sigillarium.pl\/wp-content\/uploads\/2023\/03\/Chelm-Urzednik-stsnu-cywilnego-uchwyt-pieczec-seal-petschaft-siegel-sceau-sigillarium.jpg-542x1024.jpg 542w, https:\/\/sigillarium.pl\/wp-content\/uploads\/2023\/03\/Chelm-Urzednik-stsnu-cywilnego-uchwyt-pieczec-seal-petschaft-siegel-sceau-sigillarium.jpg-159x300.jpg 159w, https:\/\/sigillarium.pl\/wp-content\/uploads\/2023\/03\/Chelm-Urzednik-stsnu-cywilnego-uchwyt-pieczec-seal-petschaft-siegel-sceau-sigillarium.jpg.jpg 596w\" sizes=\"auto, (max-width: 190px) 100vw, 190px\" \/><\/figure>\n<\/div><\/div>\n\n\n\n<div class=\"wp-block-column is-layout-flow wp-block-column-is-layout-flow\" style=\"flex-basis:1%\"><\/div>\n\n\n\n<div class=\"wp-block-column is-layout-flow wp-block-column-is-layout-flow\" style=\"flex-basis:49%\">\n<style> td {font-size: 11px; color: black; font-family: Arial;} <\/style>\n<table style=\"width: 500px; height: 150px;\">\n\t<tbody><tr>\n\t\t<td style=\"background-color: #DDDDDD; width:6%; text-align: center; \"><b>1<\/b><\/td>\n\t\t<td style=\"padding-left: 8px;\">kolekcja prywatna<\/td>\n\t<\/tr>\n\t<tr>\n\t\t<td style=\"background-color: #DDDDDD; text-align: center; \"><b>2<\/b><\/td>\n<td style=\"background-color: #FFFF99; white-space: nowrap; padding-left: 8px;\"><b><big><big> <a href=\" https:\/\/pl.wikipedia.org\/wiki\/Che%C5%82m \"> CHE\u0141M<\/a><\/big><\/big><\/b><br><b><big> Urz\u0119dnik stanu cywilnego<\/big><\/b><\/td>\n\t<\/tr>\n\t<tr>\n\t\t<td style=\"background-color: #DDDDDD; text-align: center; \"><b>3a<\/b><\/td>\n\t\t<td style=\"padding-left: 8px;\">mosi\u0105dz<\/td>\n\t<\/tr>\n\t<tr>\n\t\t<td style=\"background-color: #DDDDDD; text-align: center; \"><b>3b<\/b><\/td>\n\t\t<td style=\"padding-left: 8px;\"> drewno <\/td>\n\t<\/tr>\n\t<tr>\n\t\t<td style=\"background-color: #DDDDDD; text-align: center; \"><b>4<\/b><\/td>\n\t\t<td style=\"padding-left: 8px;\">okr\u0105g\u0142a \u00d8 26 mm<\/td>\n\t<\/tr>\n\t<tr>\n\t\t<td style=\"background-color: #DDDDDD; text-align: center; \"><b>5<\/b><\/td>\n\t\t<td style=\"padding-left: 8px;\">wypuk\u0142oryty<\/td>\n\t<\/tr>\n\t<tr>\n\t\t<td style=\"background-color: #DDDDDD; text-align: center; \"><b>6<\/b><\/td>\n<td style=\"padding-left: 8px;\"> &#8211;<\/td>\n\t<\/tr>\n<tr>\n\t\t<td style=\"background-color: #DDDDDD; text-align: center; \"><b>7<\/b><\/td>\n<td style=\"padding-left: 8px;\"> uchwyt toczony o sp\u0142aszczonej ga\u0142ce<\/td>\n\t<\/tr>\n\t<tr>\n\t\t<td style=\"background-color: #DDDDDD; text-align: center; \"><b>7a<\/b><\/td>\n\t\t<td style=\"padding-left: 8px;\">97 mm<\/td>\n\t<\/tr>\n\t<tr>\n\t\t<td style=\"background-color: #DDDDDD; text-align: center; \"><b>7b<\/b><\/td>\n\t\t<td style=\"padding-left: 8px;\"> 87,2 mm, w tym skuwka 11,8 mm (\u00d8 13,5) mm<\/td>\n\t<\/tr>\n\t<tr>\n\t\t<td style=\"background-color: #DDDDDD; text-align: center; \"><b>7c<\/b><\/td>\n\t\t<td style=\"padding-left: 8px;\">9,8 mm<\/td>\n\t<\/tr>\n\t<tr>\n\t\t<td style=\"background-color: #DDDDDD; text-align: center; \"><b>8<\/b><\/td>\n<td style=\"padding-left: 8px;\"> na pogrubionym rancie znacznik prawid\u0142owego ustawienia t\u0142oka <\/td>\n\t<\/tr>\n\t<tr>\n\t\t<td style=\"background-color: #DDDDDD; text-align: center; \"><b>9a<\/b><\/td>\n\t\t<td style=\"padding-left: 8px;\">majusku\u0142a<\/td>\n\t<\/tr>\n\t<tr>\n\t\t<td style=\"background-color: #DDDDDD; text-align: center; \"><b>9b<\/b><\/td>\n<td style=\"padding-left: 8px;\"> <br> w p\u00f3\u0142otoku g\u00f3rnym:<b>* POW <i>(iat):<\/i> KRASNYSTA<i> (w):<\/i> <\/b><br> w dw\u00f3ch p\u00f3\u0142otokach dolnych:<b> URZ\u0118  <i>(dnik):<\/i> ST <i>(anu) :<\/i> CYWIL <i>(nego) : <\/i>\/\/ PAR <i>(afii) :<\/i> R <i>(itus) :<\/i> L <i>(atini) :<\/i> CHE\u0141M<\/b><br><br><\/td> \n\t<\/tr>\n\t<tr>\n\t\t<td style=\"background-color: #DDDDDD; text-align: center; \"><b>10<\/b><\/td>\n<td style=\"padding-left: 8px;\"> W polu piecz\u0119ci  wizerunek dwug\u0142owego or\u0142a ukoronowanego ze wst\u0119gami pod wsp\u00f3ln\u0105 koron\u0105, z ber\u0142em i jab\u0142kiem w szponach. Na jego piersi herb Orze\u0142 Bia\u0142y, wok\u00f3\u0142 \u0142a\u0144cuch Orderu \u015bw. Andrzeja. Wizerunek ustalony dla herbu (god\u0142a) Kr\u00f3lestwa Polskiego w 1858 .r i u\u017cywany do 1867\/1868 r. Na zewn\u0105trz, wok\u00f3\u0142 pola piecz\u0119ci, pojedyncze obrze\u017cenie ci\u0105g\u0142e. <\/td>\n<\/tr>\n\t<tr>\n\t\t<td style=\"background-color: #DDDDDD; text-align: center; \"><b>11<\/b><\/td>\n<td style=\"padding-left: 8px;\"> &#8211;<\/td>\n\t<\/tr>\n\t<tr>\n\t\t<td style=\"background-color: #DDDDDD; text-align: center; \"><b>12<\/b><\/td>\n\t\t<td style=\"padding-left: 8px;\"> wytw\u00f3rca \u2013 Mennica Warszawska<\/td>\n\t<\/tr>\n<\/tbody><\/table>\n\n\n\n<p style=\"text-transform:capitalize\"> <a rel=\"noreferrer noopener\" href=\"http:\/\/sigillarium.pl\/index.php\/legenda-do-opisu-tloka-pieczetnego\/\" target=\"_blank\">Legenda<\/a><\/p>\n<\/div>\n<\/div>\n\n\n\n<hr class=\"wp-block-separator has-alpha-channel-opacity\"\/>\n\n\n\n<div class=\"wp-block-columns is-layout-flex wp-container-core-columns-is-layout-9d6595d7 wp-block-columns-is-layout-flex\">\n<div class=\"wp-block-column is-layout-flow wp-block-column-is-layout-flow\" style=\"flex-basis:1%\"><\/div>\n\n\n\n<div class=\"wp-block-column is-vertically-aligned-center is-layout-flow wp-block-column-is-layout-flow\" style=\"flex-basis:23%\">\n<figure class=\"wp-block-gallery aligncenter has-nested-images columns-default is-cropped wp-block-gallery-4 is-layout-flex wp-block-gallery-is-layout-flex\">\n<figure class=\"wp-block-image size-large\"><a href=\"https:\/\/sigillarium.pl\/wp-content\/uploads\/2023\/03\/Gdansk-Zaprzysiezony-Probobiorca-pieczec-seal-petschaft-siegel-sceau-sigillarium1.jpg\"><img loading=\"lazy\" decoding=\"async\" width=\"1024\" height=\"1014\" data-id=\"24723\" src=\"https:\/\/sigillarium.pl\/wp-content\/uploads\/2023\/03\/Gdansk-Zaprzysiezony-Probobiorca-pieczec-seal-petschaft-siegel-sceau-sigillarium1-1024x1014.jpg\" alt=\"\" class=\"wp-image-24723\" srcset=\"https:\/\/sigillarium.pl\/wp-content\/uploads\/2023\/03\/Gdansk-Zaprzysiezony-Probobiorca-pieczec-seal-petschaft-siegel-sceau-sigillarium1-1024x1014.jpg 1024w, https:\/\/sigillarium.pl\/wp-content\/uploads\/2023\/03\/Gdansk-Zaprzysiezony-Probobiorca-pieczec-seal-petschaft-siegel-sceau-sigillarium1-300x297.jpg 300w, https:\/\/sigillarium.pl\/wp-content\/uploads\/2023\/03\/Gdansk-Zaprzysiezony-Probobiorca-pieczec-seal-petschaft-siegel-sceau-sigillarium1-150x150.jpg 150w, https:\/\/sigillarium.pl\/wp-content\/uploads\/2023\/03\/Gdansk-Zaprzysiezony-Probobiorca-pieczec-seal-petschaft-siegel-sceau-sigillarium1-768x761.jpg 768w, https:\/\/sigillarium.pl\/wp-content\/uploads\/2023\/03\/Gdansk-Zaprzysiezony-Probobiorca-pieczec-seal-petschaft-siegel-sceau-sigillarium1.jpg 1054w\" sizes=\"auto, (max-width: 1024px) 100vw, 1024px\" \/><\/a><\/figure>\n<\/figure>\n<\/div>\n\n\n\n<div class=\"wp-block-column is-layout-flow wp-block-column-is-layout-flow\"><\/div>\n\n\n\n<div class=\"wp-block-column is-vertically-aligned-center is-layout-flow wp-block-column-is-layout-flow\" style=\"flex-basis:23%\"><div class=\"wp-block-image\">\n<figure class=\"aligncenter size-large is-resized\"><img loading=\"lazy\" decoding=\"async\" src=\"https:\/\/sigillarium.pl\/wp-content\/uploads\/2023\/03\/Gdansk-Zaprzysiezony-Probobiorca-uchwyt-pieczec-seal-petschaft-siegel-sceau-sigillarium.jpg-502x1024.jpg\" alt=\"\" class=\"wp-image-24695\" width=\"181\" height=\"370\" srcset=\"https:\/\/sigillarium.pl\/wp-content\/uploads\/2023\/03\/Gdansk-Zaprzysiezony-Probobiorca-uchwyt-pieczec-seal-petschaft-siegel-sceau-sigillarium.jpg-502x1024.jpg 502w, https:\/\/sigillarium.pl\/wp-content\/uploads\/2023\/03\/Gdansk-Zaprzysiezony-Probobiorca-uchwyt-pieczec-seal-petschaft-siegel-sceau-sigillarium.jpg-147x300.jpg 147w, https:\/\/sigillarium.pl\/wp-content\/uploads\/2023\/03\/Gdansk-Zaprzysiezony-Probobiorca-uchwyt-pieczec-seal-petschaft-siegel-sceau-sigillarium.jpg.jpg 552w\" sizes=\"auto, (max-width: 181px) 100vw, 181px\" \/><\/figure>\n<\/div>\n\n\n<p><\/p>\n\n\n\n<p><\/p>\n<\/div>\n\n\n\n<div class=\"wp-block-column is-layout-flow wp-block-column-is-layout-flow\" style=\"flex-basis:1%\"><\/div>\n\n\n\n<div class=\"wp-block-column is-layout-flow wp-block-column-is-layout-flow\" style=\"flex-basis:48%\">\n<style> td {font-size: 11px; color: black; font-family: Arial;} <\/style>\n<table style=\"width: 500px; height: 150px;\">\n\t<tbody><tr>\n\t\t<td style=\"background-color: #DDDDDD; width:6%; text-align: center; \"><b>1<\/b><\/td>\n\t\t<td style=\"padding-left: 8px;\">kolekcja prywatna<\/td>\n\t<\/tr>\n\t<tr>\n\t\t<td style=\"background-color: #DDDDDD; text-align: center; \"><b>2<\/b><\/td>\n<td style=\"background-color: #FFFF99; white-space: nowrap; padding-left: 8px;\"><b><big><big> <a href=\"https:\/\/pl.wikipedia.org\/wiki\/Gda%C5%84sk\">GDA\u0143SK<\/a> <\/big><\/big><br><big> Zaprzysi\u0119\u017cony pr\u00f3bobiorca<\/big><\/b><\/td>\n\t<\/tr>\n\t<tr>\n\t\t<td style=\"background-color: #DDDDDD; text-align: center; \"><b>3a<\/b><\/td>\n\t\t<td style=\"padding-left: 8px;\">mosi\u0105dz<\/td>\n\t<\/tr>\n\t<tr>\n\t\t<td style=\"background-color: #DDDDDD; text-align: center; \"><b>3b<\/b><\/td>\n\t\t<td style=\"padding-left: 8px;\">drewno<\/td>\n\t<\/tr>\n\t<tr>\n\t\t<td style=\"background-color: #DDDDDD; text-align: center; \"><b>4<\/b><\/td>\n\t\t<td style=\"padding-left: 8px;\">okr\u0105g\u0142a \u00d8 30 mm<\/td>\n\t<\/tr>\n\t<tr>\n\t\t<td style=\"background-color: #DDDDDD; text-align: center; \"><b>5<\/b><\/td>\n\t\t<td style=\"padding-left: 8px;\">wkl\u0119s\u0142oryty<\/td>\n\t<\/tr>\n\t<tr>\n\t\t<td style=\"background-color: #DDDDDD; text-align: center; \"><b>6<\/b><\/td>\n<td style=\"padding-left: 8px;\">na rancie matrycy nr grawera 9 <\/td>\n\t<\/tr>\n<tr>\n\t\t<td style=\"background-color: #DDDDDD; text-align: center; \"><b>7<\/b><\/td>\n<td style=\"padding-left: 8px;\">uchwyt toczony o kulistej ga\u0142ce<\/td>\n\t<\/tr>\n\t<tr>\n\t\t<td style=\"background-color: #DDDDDD; text-align: center; \"><b>7a<\/b><\/td>\n\t\t<td style=\"padding-left: 8px;\"> 92 mm<\/td>\n\t<\/tr>\n\t<tr>\n\t\t<td style=\"background-color: #DDDDDD; text-align: center; \"><b>7b<\/b><\/td>\n<td style=\"padding-left: 8px;\">81 mm, w tym skuwka 7 mm (\u00d8 17 mm) <\/td>\n\t<\/tr>\n\t<tr>\n\t\t<td style=\"background-color: #DDDDDD; text-align: center; \"><b>7c<\/b><\/td>\n\t\t<td style=\"padding-left: 8px;\"> 9 mm<\/td>\n\t<\/tr>\n\t<tr>\n\t\t<td style=\"background-color: #DDDDDD; text-align: center; \"><b>8<\/b><\/td>\n<td style=\"padding-left: 8px;\">&#8211; <\/td>\n\t<\/tr>\n\t<tr>\n\t\t<td style=\"background-color: #DDDDDD; text-align: center; \"><b>9a<\/b><\/td>\n\t\t<td style=\"padding-left: 8px;\">majusku\u0142a<\/td>\n\t<\/tr>\n\t<tr>\n\t\t<td style=\"background-color: #DDDDDD; text-align: center; \"><b>9b<\/b><\/td>\n<td style=\"padding-left: 8px;\"> <br>w otoku g\u00f3rnym:  <b> * ZAPRZYSI\u0118\u017bONY *<\/b><br> w otoku dolnym :<b> PR\u00d3BOBIORCA <\/b> <br> w polu: <b> 158 \/\/ G <i> (da\u0144skie?). <\/i>  Z <i> (ak\u0142ady ?). <\/i> T (?).<\/b> \/\/<b>  GDA\u0143SK <br><br><\/b><\/td> \n<\/tr>\n\t<tr>\t\n\t\t<td style=\"background-color: #DDDDDD; text-align: center; \"><b>10<\/b><\/td>\n<td style=\"padding-left: 8px;\"> W polu piecz\u0119ci, odzielonym od pola legendy obrze\u017ceniem ci\u0105g\u0142ym, napis w trzech wierszach. Na zewn\u0105trz, wok\u00f3\u0142 pola legendy, pojedyncze obrze\u017cenie ci\u0105g\u0142e. <\/td>\n<\/tr>\n\t<tr>\n\t\t<td style=\"background-color: #DDDDDD; text-align: center; \"><b>11<\/b><\/td>\n<td style=\"padding-left: 8px;\">&#8211;<\/td>\n\t<\/tr>\n\t<tr>\n\t\t<td style=\"background-color: #DDDDDD; text-align: center; \"><b>12<\/b><\/td>\n<td style=\"padding-left: 8px;\"> na odwrocie matrycy numer ewidencyjny 80 234 <\/td>\n\t<\/tr>\n<\/tbody><\/table>\n\n\n\n<p> <a rel=\"noreferrer noopener\" href=\"http:\/\/sigillarium.pl\/index.php\/legenda-do-opisu-tloka-pieczetnego\/\" target=\"_blank\">Legenda<\/a><\/p>\n<\/div>\n<\/div>\n\n\n\n<hr class=\"wp-block-separator has-alpha-channel-opacity\"\/>\n\n\n\n<div class=\"wp-block-columns is-layout-flex wp-container-core-columns-is-layout-9d6595d7 wp-block-columns-is-layout-flex\">\n<div class=\"wp-block-column is-layout-flow wp-block-column-is-layout-flow\" style=\"flex-basis:1%\"><\/div>\n\n\n\n<div class=\"wp-block-column is-vertically-aligned-center is-layout-flow wp-block-column-is-layout-flow\" style=\"flex-basis:23%\">\n<figure class=\"wp-block-gallery aligncenter has-nested-images columns-default is-cropped wp-block-gallery-5 is-layout-flex wp-block-gallery-is-layout-flex\">\n<figure class=\"wp-block-image size-large\"><a href=\"https:\/\/sigillarium.pl\/wp-content\/uploads\/2023\/03\/General-Stanislaw-Aleksander-Malachowski-pieczec-seal-petschaft-siegel-sceau-cachet-sigillarium.jpg\"><img loading=\"lazy\" decoding=\"async\" width=\"912\" height=\"1024\" data-id=\"24657\" src=\"https:\/\/sigillarium.pl\/wp-content\/uploads\/2023\/03\/General-Stanislaw-Aleksander-Malachowski-pieczec-seal-petschaft-siegel-sceau-cachet-sigillarium-912x1024.jpg\" alt=\"\" class=\"wp-image-24657\" srcset=\"https:\/\/sigillarium.pl\/wp-content\/uploads\/2023\/03\/General-Stanislaw-Aleksander-Malachowski-pieczec-seal-petschaft-siegel-sceau-cachet-sigillarium-912x1024.jpg 912w, https:\/\/sigillarium.pl\/wp-content\/uploads\/2023\/03\/General-Stanislaw-Aleksander-Malachowski-pieczec-seal-petschaft-siegel-sceau-cachet-sigillarium-267x300.jpg 267w, https:\/\/sigillarium.pl\/wp-content\/uploads\/2023\/03\/General-Stanislaw-Aleksander-Malachowski-pieczec-seal-petschaft-siegel-sceau-cachet-sigillarium-768x863.jpg 768w, https:\/\/sigillarium.pl\/wp-content\/uploads\/2023\/03\/General-Stanislaw-Aleksander-Malachowski-pieczec-seal-petschaft-siegel-sceau-cachet-sigillarium.jpg 932w\" sizes=\"auto, (max-width: 912px) 100vw, 912px\" \/><\/a><\/figure>\n<\/figure>\n<\/div>\n\n\n\n<div class=\"wp-block-column is-layout-flow wp-block-column-is-layout-flow\" style=\"flex-basis:1%\"><\/div>\n\n\n\n<div class=\"wp-block-column is-vertically-aligned-center is-layout-flow wp-block-column-is-layout-flow\" style=\"flex-basis:23%\"><div class=\"wp-block-image\">\n<figure class=\"aligncenter size-full is-resized\"><img loading=\"lazy\" decoding=\"async\" src=\"https:\/\/sigillarium.pl\/wp-content\/uploads\/2023\/03\/General-Stanislaw-Aleksander-Malachowski-pieczec-uchwyt-seal-petschaft-siegel-sceau-cachet-sigillarium.jpg\" alt=\"\" class=\"wp-image-24658\" width=\"131\" height=\"351\" srcset=\"https:\/\/sigillarium.pl\/wp-content\/uploads\/2023\/03\/General-Stanislaw-Aleksander-Malachowski-pieczec-uchwyt-seal-petschaft-siegel-sceau-cachet-sigillarium.jpg 327w, https:\/\/sigillarium.pl\/wp-content\/uploads\/2023\/03\/General-Stanislaw-Aleksander-Malachowski-pieczec-uchwyt-seal-petschaft-siegel-sceau-cachet-sigillarium-112x300.jpg 112w\" sizes=\"auto, (max-width: 131px) 100vw, 131px\" \/><\/figure>\n<\/div><\/div>\n\n\n\n<div class=\"wp-block-column is-layout-flow wp-block-column-is-layout-flow\" style=\"flex-basis:1%\"><\/div>\n\n\n\n<div class=\"wp-block-column is-layout-flow wp-block-column-is-layout-flow\" style=\"flex-basis:48%\">\n<style> td {font-size: 11px; color: black; font-family: Arial;} <\/style>\n<table style=\"width: 500px; height: 150px;\">\n\t<tbody><tr>\n\t\t<td style=\"background-color: #DDDDDD; width:6%; text-align: center; \"><b>1<\/b><\/td>\n\t\t<td style=\"padding-left: 8px;\">kolekcja prywatna<\/td>\n\t<\/tr>\n\t<tr>\n\t\t<td style=\"background-color: #DDDDDD; text-align: center; \"><b>2<\/b><\/td>\n<td style=\"background-color: #FFFF99; white-space: nowrap; padding-left: 8px;\"><b><big><big> <a href=\" https:\/\/pl.wikipedia.org\/wiki\/Ko%C5%84skie\"> KO\u0143SKIE<\/a><a> <\/a><\/big><\/big><a><br><big> Stanis\u0142aw Aleksander Ma\u0142achowski genera\u0142 <\/big><br><\/a><\/b><\/td>\n\t<\/tr>\n\t<tr>\n\t\t<td style=\"background-color: #DDDDDD; text-align: center; \"><b>3a<\/b><\/td>\n\t\t<td style=\"padding-left: 8px;\">mosi\u0105dz<\/td>\n\t<\/tr>\n\t<tr>\n\t\t<td style=\"background-color: #DDDDDD; text-align: center; \"><b>3b<\/b><\/td>\n\t\t<td style=\"padding-left: 8px;\">drewno<\/td>\n\t<\/tr>\n\t<tr>\n\t\t<td style=\"background-color: #DDDDDD; text-align: center; \"><b>4<\/b><\/td>\n\t\t<td style=\"padding-left: 8px;\">owalna 28,5 x 25,5 mm <\/td>\n\t<\/tr>\n\t<tr>\n\t\t<td style=\"background-color: #DDDDDD; text-align: center; \"><b>5<\/b><\/td>\n\t\t<td style=\"padding-left: 8px;\">wkl\u0119s\u0142oryty<\/td>\n\t<\/tr>\n\t<tr>\n\t\t<td style=\"background-color: #DDDDDD; text-align: center; \"><b>6<\/b><\/td>\n<td style=\"padding-left: 8px;\">&#8211;<\/td>\n\t<\/tr>\n<tr>\n\t\t<td style=\"background-color: #DDDDDD; text-align: center; \"><b>7<\/b><\/td>\n<td style=\"padding-left: 8px;\">uchwyt toczony o sp\u0142aszczonej ga\u0142ce <\/td>\n\t<\/tr>\n\t<tr>\n\t\t<td style=\"background-color: #DDDDDD; text-align: center; \"><b>7a<\/b><\/td>\n\t\t<td style=\"padding-left: 8px;\"> 86 mm<\/td>\n\t<\/tr>\n\t<tr>\n\t\t<td style=\"background-color: #DDDDDD; text-align: center; \"><b>7b<\/b><\/td>\n<td style=\"padding-left: 8px;\">82 mm, w tym skuwka 12 mm (\u00d8 19 mm )<\/td>\n\t<\/tr>\n\t<tr>\n\t\t<td style=\"background-color: #DDDDDD; text-align: center; \"><b>7c<\/b><\/td>\n\t\t<td style=\"padding-left: 8px;\"> 4 mm<\/td>\n\t<\/tr>\n\t<tr>\n\t\t<td style=\"background-color: #DDDDDD; text-align: center; \"><b>8<\/b><\/td>\n<td style=\"padding-left: 8px;\">&#8211;<\/td>\n\t<\/tr>\n\t<tr>\n\t\t<td style=\"background-color: #DDDDDD; text-align: center; \"><b>9a<\/b><\/td>\n\t\t<td style=\"padding-left: 8px;\">&#8211;<\/td>\n\t<\/tr>\n\t<tr>\n\t\t<td style=\"background-color: #DDDDDD; text-align: center; \"><b>9b<\/b><\/td>\n<td style=\"padding-left: 8px;\">&#8211;<\/td> \n<\/tr>\n\t<tr>\t\n\t\t<td style=\"background-color: #DDDDDD; text-align: center; \"><b>10<\/b><\/td>\n<td style=\"padding-left: 8px;\"> W polu piecz\u0119ci na gwie\u017adzie (Orderu \u015bw. Stanis\u0142awa?) tarcza szwajcarska z herbem Na\u0142\u0119cz. Powy\u017cej korona hrabiowska. W klejnocie, pomi\u0119dzy rogami jelenia \u2013 panna z w\u0142osami spowitymi na\u0142\u0119czk\u0105, trzymaj\u0105ca si\u0119 obur\u0105cz poro\u017ca. Poni\u017cej gwiazdy na szarfach cztery ordery: NN, Order \u015bw. Anny, Order Virtuti Militari, Order Legii Honorowej. Na zewn\u0105trz, wok\u00f3\u0142 pola piecz\u0119ci, pojedyncze obrze\u017cenie ci\u0105g\u0142e.<\/td>\n<\/tr>\n\t<tr>\n\t\t<td style=\"background-color: #DDDDDD; text-align: center; \"><b>11<\/b><\/td>\n<td style=\"padding-left: 8px;\">&#8211;<\/td>\n\t<\/tr>\n\t<tr>\n\t\t<td style=\"background-color: #DDDDDD; text-align: center; \"><b>12<\/b><\/td>\n<td style=\"padding-left: 8px;\">Zobacz dodatkowo: <a href=\" https:\/\/pl.wikipedia.org\/wiki\/Stanis%C5%82aw_Aleksander_Ma%C5%82achowski \"> Stanis\u0142aw Aleksander Ma\u0142achowski <\/a> <\/td>\n\t<\/tr>\n<\/tbody><\/table>\n\n\n\n<p> <a rel=\"noreferrer noopener\" href=\"http:\/\/sigillarium.pl\/index.php\/legenda-do-opisu-tloka-pieczetnego\/\" target=\"_blank\">Legenda<\/a><\/p>\n<\/div>\n<\/div>\n\n\n\n<hr class=\"wp-block-separator has-alpha-channel-opacity\"\/>\n\n\n\n<div class=\"wp-block-columns is-layout-flex wp-container-core-columns-is-layout-9d6595d7 wp-block-columns-is-layout-flex\">\n<div class=\"wp-block-column is-layout-flow wp-block-column-is-layout-flow\" style=\"flex-basis:1%\"><\/div>\n\n\n\n<div class=\"wp-block-column is-vertically-aligned-center is-layout-flow wp-block-column-is-layout-flow\" style=\"flex-basis:23%\">\n<figure class=\"wp-block-gallery aligncenter has-nested-images columns-default is-cropped wp-block-gallery-6 is-layout-flex wp-block-gallery-is-layout-flex\">\n<figure class=\"wp-block-image size-full\"><a href=\"https:\/\/sigillarium.pl\/wp-content\/uploads\/2023\/03\/Krakow-Sztab-twierdzy-Sekcja-sztabowa-artylerii-pieczec-seal-petschaft-siegel-sceau-sigillarium.jpg\"><img loading=\"lazy\" decoding=\"async\" width=\"1004\" height=\"1002\" data-id=\"24654\" src=\"https:\/\/sigillarium.pl\/wp-content\/uploads\/2023\/03\/Krakow-Sztab-twierdzy-Sekcja-sztabowa-artylerii-pieczec-seal-petschaft-siegel-sceau-sigillarium.jpg\" alt=\"\" class=\"wp-image-24654\" srcset=\"https:\/\/sigillarium.pl\/wp-content\/uploads\/2023\/03\/Krakow-Sztab-twierdzy-Sekcja-sztabowa-artylerii-pieczec-seal-petschaft-siegel-sceau-sigillarium.jpg 1004w, https:\/\/sigillarium.pl\/wp-content\/uploads\/2023\/03\/Krakow-Sztab-twierdzy-Sekcja-sztabowa-artylerii-pieczec-seal-petschaft-siegel-sceau-sigillarium-300x300.jpg 300w, https:\/\/sigillarium.pl\/wp-content\/uploads\/2023\/03\/Krakow-Sztab-twierdzy-Sekcja-sztabowa-artylerii-pieczec-seal-petschaft-siegel-sceau-sigillarium-150x150.jpg 150w, https:\/\/sigillarium.pl\/wp-content\/uploads\/2023\/03\/Krakow-Sztab-twierdzy-Sekcja-sztabowa-artylerii-pieczec-seal-petschaft-siegel-sceau-sigillarium-768x766.jpg 768w\" sizes=\"auto, (max-width: 1004px) 100vw, 1004px\" \/><\/a><\/figure>\n<\/figure>\n<\/div>\n\n\n\n<div class=\"wp-block-column is-layout-flow wp-block-column-is-layout-flow\" style=\"flex-basis:1%\"><\/div>\n\n\n\n<div class=\"wp-block-column is-vertically-aligned-center is-layout-flow wp-block-column-is-layout-flow\" style=\"flex-basis:23%\"><div class=\"wp-block-image\">\n<figure class=\"aligncenter size-full\"><img loading=\"lazy\" decoding=\"async\" width=\"997\" height=\"986\" src=\"https:\/\/sigillarium.pl\/wp-content\/uploads\/2023\/03\/Krakow-Sztab-twierdzy-Sekcja-sztabowa-artylerii-pieczec-rewers-seal-petschaft-siegel-sceau-sigillarium.jpg\" alt=\"\" class=\"wp-image-24655\" srcset=\"https:\/\/sigillarium.pl\/wp-content\/uploads\/2023\/03\/Krakow-Sztab-twierdzy-Sekcja-sztabowa-artylerii-pieczec-rewers-seal-petschaft-siegel-sceau-sigillarium.jpg 997w, https:\/\/sigillarium.pl\/wp-content\/uploads\/2023\/03\/Krakow-Sztab-twierdzy-Sekcja-sztabowa-artylerii-pieczec-rewers-seal-petschaft-siegel-sceau-sigillarium-300x297.jpg 300w, https:\/\/sigillarium.pl\/wp-content\/uploads\/2023\/03\/Krakow-Sztab-twierdzy-Sekcja-sztabowa-artylerii-pieczec-rewers-seal-petschaft-siegel-sceau-sigillarium-768x760.jpg 768w\" sizes=\"auto, (max-width: 997px) 100vw, 997px\" \/><\/figure>\n<\/div><\/div>\n\n\n\n<div class=\"wp-block-column is-layout-flow wp-block-column-is-layout-flow\" style=\"flex-basis:1%\"><\/div>\n\n\n\n<div class=\"wp-block-column is-layout-flow wp-block-column-is-layout-flow\" style=\"flex-basis:48%\">\n<style> td {font-size: 11px; color: black; font-family: Arial;} <\/style>\n<table style=\"width: 500px; height: 150px;\">\n\t<tr>\n\t\t<td style=\"background-color: #DDDDDD; width:6%; text-align: center; \"><b>1<\/b><\/td>\n\t\t<td style=\"padding-left: 8px;\">kolekcja prywatna<\/td>\n\t<\/tr>\n\t<tr>\n\t\t<td style=\"background-color: #DDDDDD; text-align: center; \"><b>2<\/b><\/td>\n<td style=\"background-color: #FFFF99; white-space: nowrap; padding-left: 8px;\"><b><big><big> <a href=\"https:\/\/pl.wikipedia.org\/wiki\/Krak%C3%B3w \"> KRAK\u00d3W<a> <\/big><\/big><br \/><big> Dow\u00f3dztwo twierdzy<\/big><br \/ ><big>Sekcja sztabowa artylerii<\/td>\n\t<\/tr>\n\t<tr>\n\t\t<td style=\"background-color: #DDDDDD; text-align: center; \"><b>3a<\/b><\/td>\n\t\t<td style=\"padding-left: 8px;\">mosi\u0105dz<\/td>\n\t<\/tr>\n\t<tr>\n\t\t<td style=\"background-color: #DDDDDD; text-align: center; \"><b>3b<\/b><\/td>\n\t\t<td style=\"padding-left: 8px;\">&#8211;<\/td>\n\t<\/tr>\n\t<tr>\n\t\t<td style=\"background-color: #DDDDDD; text-align: center; \"><b>4<\/b><\/td>\n\t\t<td style=\"padding-left: 8px;\">okr\u0105g\u0142a \u00d8 34 mm<\/td>\n\t<\/tr>\n\t<tr>\n\t\t<td style=\"background-color: #DDDDDD; text-align: center; \"><b>5<\/b><\/td>\n\t\t<td style=\"padding-left: 8px;\">wkl\u0119s\u0142oryty<\/td>\n\t<\/tr>\n\t<tr>\n\t\t<td style=\"background-color: #DDDDDD; text-align: center; \"><b>6<\/b><\/td>\n<td style=\"padding-left: 8px;\">&#8211;<\/td>\n\t<\/tr>\n<tr>\n\t\t<td style=\"background-color: #DDDDDD; text-align: center; \"><b>7<\/b><\/td>\n<td style=\"padding-left: 8px;\">brak uchwytu <\/td>\n\t<\/tr>\n\t<tr>\n\t\t<td style=\"background-color: #DDDDDD; text-align: center; \"><b>7a<\/b><\/td>\n\t\t<td style=\"padding-left: 8px;\"> 3 mm<\/td>\n\t<\/tr>\n\t<tr>\n\t\t<td style=\"background-color: #DDDDDD; text-align: center; \"><b>7b<\/b><\/td>\n<td style=\"padding-left: 8px;\">&#8211; <\/td>\n\t<\/tr>\n\t<tr>\n\t\t<td style=\"background-color: #DDDDDD; text-align: center; \"><b>7c<\/b><\/td>\n\t\t<td style=\"padding-left: 8px;\"> 3 mm<\/td>\n\t<\/tr>\n\t<tr>\n\t\t<td style=\"background-color: #DDDDDD; text-align: center; \"><b>8<\/b><\/td>\n<td style=\"padding-left: 8px;\">&#8211;<\/td>\n\t<\/tr>\n\t<tr>\n\t\t<td style=\"background-color: #DDDDDD; text-align: center; \"><b>9a<\/b><\/td>\n\t\t<td style=\"padding-left: 8px;\">majusku\u0142a, minusku\u0142a<\/td>\n\t<\/tr>\n\t<tr>\n\t\t<td style=\"background-color: #DDDDDD; text-align: center; \"><b>9b<\/b><\/td>\n<td style=\"padding-left: 8px;\"> <br \/>w p\u00f3\u0142otoku g\u00f3rnym:  <b>  * K <i>(aiserlich)<\/i>. u <i>(nd)<\/i> K. <i>(\u00f6nigliches)<\/i> FESTUNGSKOMMANDO *<\/b><br \/> w p\u00f3\u0142otoku g\u00f3rnym (wewn\u0119trznym): <b> ARTILLERIESTABSABT <i>(eilung)<\/i>.<\/b><br \/> w p\u00f3\u0142otoku dolnym: <b>IN KRAKAU<\/b><br \/><br \/><\/td> \n<\/tr>\n\t<tr>\t\n\t\t<td style=\"background-color: #DDDDDD; text-align: center; \"><b>10<\/b><\/td>\n<td style=\"padding-left: 8px;\"> W polu piecz\u0119ci, oddzielonym od pola legendy pojedynczym obrze\u017ceniem ci\u0105g\u0142ym, god\u0142o Cesarstwa Austrii \u2013 orze\u0142 dwug\u0142owy w koronie cesarskiej ze wst\u0119gami, trzymaj\u0105cy w szponach miecz i ber\u0142o oraz jab\u0142ko, a na piersi tarcz\u0119 herbow\u0105 z herbem Habsburg\u00f3w otoczon\u0105 \u0142a\u0144cuchem Orderu Z\u0142otego Runa. Na zewn\u0105trz, wok\u00f3\u0142 pola legendy, podw\u00f3jne obrze\u017cenie; romboidalne i ci\u0105g\u0142e.<\/td>\n<\/tr>\n\t<tr>\n\t\t<td style=\"background-color: #DDDDDD; text-align: center; \"><b>11<\/b><\/td>\n<td style=\"padding-left: 8px;\">&#8211;<\/td>\n\t<\/tr>\n\t<tr>\n\t\t<td style=\"background-color: #DDDDDD; text-align: center; \"><b>12<\/b><\/td>\n<td style=\"padding-left: 8px;\">&#8211; <\/td>\n\t<\/tr>\n<\/table>\n\n\n\n<p> <a rel=\"noreferrer noopener\" href=\"http:\/\/sigillarium.pl\/index.php\/legenda-do-opisu-tloka-pieczetnego\/\" target=\"_blank\">Legenda<\/a><\/p>\n<\/div>\n<\/div>\n\n\n\n<hr class=\"wp-block-separator has-alpha-channel-opacity\"\/>\n\n\n\n<div class=\"wp-block-columns is-layout-flex wp-container-core-columns-is-layout-9d6595d7 wp-block-columns-is-layout-flex\">\n<div class=\"wp-block-column is-layout-flow wp-block-column-is-layout-flow\" style=\"flex-basis:1%\"><\/div>\n\n\n\n<div class=\"wp-block-column is-vertically-aligned-center is-layout-flow wp-block-column-is-layout-flow\" style=\"flex-basis:23%\">\n<figure class=\"wp-block-gallery aligncenter has-nested-images columns-default is-cropped wp-block-gallery-7 is-layout-flex wp-block-gallery-is-layout-flex\">\n<figure class=\"wp-block-image size-large\"><a href=\"https:\/\/sigillarium.pl\/wp-content\/uploads\/2023\/03\/Lubki-wojt-gminy-pieczec-seal-petschaft-siegel-sceau-sigillarium.jpg.jpg\"><img loading=\"lazy\" decoding=\"async\" width=\"1020\" height=\"1024\" data-id=\"24713\" src=\"https:\/\/sigillarium.pl\/wp-content\/uploads\/2023\/03\/Lubki-wojt-gminy-pieczec-seal-petschaft-siegel-sceau-sigillarium.jpg-1020x1024.jpg\" alt=\"\" class=\"wp-image-24713\" srcset=\"https:\/\/sigillarium.pl\/wp-content\/uploads\/2023\/03\/Lubki-wojt-gminy-pieczec-seal-petschaft-siegel-sceau-sigillarium.jpg-1020x1024.jpg 1020w, https:\/\/sigillarium.pl\/wp-content\/uploads\/2023\/03\/Lubki-wojt-gminy-pieczec-seal-petschaft-siegel-sceau-sigillarium.jpg-300x300.jpg 300w, https:\/\/sigillarium.pl\/wp-content\/uploads\/2023\/03\/Lubki-wojt-gminy-pieczec-seal-petschaft-siegel-sceau-sigillarium.jpg-150x150.jpg 150w, https:\/\/sigillarium.pl\/wp-content\/uploads\/2023\/03\/Lubki-wojt-gminy-pieczec-seal-petschaft-siegel-sceau-sigillarium.jpg-768x771.jpg 768w, https:\/\/sigillarium.pl\/wp-content\/uploads\/2023\/03\/Lubki-wojt-gminy-pieczec-seal-petschaft-siegel-sceau-sigillarium.jpg.jpg 1034w\" sizes=\"auto, (max-width: 1020px) 100vw, 1020px\" \/><\/a><\/figure>\n<\/figure>\n<\/div>\n\n\n\n<div class=\"wp-block-column is-layout-flow wp-block-column-is-layout-flow\" style=\"flex-basis:1%\"><\/div>\n\n\n\n<div class=\"wp-block-column is-vertically-aligned-center is-layout-flow wp-block-column-is-layout-flow\" style=\"flex-basis:23%\"><div class=\"wp-block-image\">\n<figure class=\"aligncenter size-large is-resized\"><img loading=\"lazy\" decoding=\"async\" src=\"https:\/\/sigillarium.pl\/wp-content\/uploads\/2023\/03\/Lubki-wojt-gminy-uchwyt-pieczec-seal-petschaft-siegel-sceau-sigillarium.jp_-1024x950.jpg\" alt=\"\" class=\"wp-image-24714\" width=\"189\" height=\"175\" srcset=\"https:\/\/sigillarium.pl\/wp-content\/uploads\/2023\/03\/Lubki-wojt-gminy-uchwyt-pieczec-seal-petschaft-siegel-sceau-sigillarium.jp_-1024x950.jpg 1024w, https:\/\/sigillarium.pl\/wp-content\/uploads\/2023\/03\/Lubki-wojt-gminy-uchwyt-pieczec-seal-petschaft-siegel-sceau-sigillarium.jp_-300x278.jpg 300w, https:\/\/sigillarium.pl\/wp-content\/uploads\/2023\/03\/Lubki-wojt-gminy-uchwyt-pieczec-seal-petschaft-siegel-sceau-sigillarium.jp_-768x712.jpg 768w, https:\/\/sigillarium.pl\/wp-content\/uploads\/2023\/03\/Lubki-wojt-gminy-uchwyt-pieczec-seal-petschaft-siegel-sceau-sigillarium.jp_.jpg 1087w\" sizes=\"auto, (max-width: 189px) 100vw, 189px\" \/><\/figure>\n<\/div><\/div>\n\n\n\n<div class=\"wp-block-column is-layout-flow wp-block-column-is-layout-flow\" style=\"flex-basis:1%\"><\/div>\n\n\n\n<div class=\"wp-block-column is-layout-flow wp-block-column-is-layout-flow\" style=\"flex-basis:48%\">\n<style> td {font-size: 11px; color: black; font-family: Arial;} <\/style>\n<table style=\"width: 500px; height: 150px;\">\n\t<tbody><tr>\n\t\t<td style=\"background-color: #DDDDDD; width:6%; text-align: center; \"><b>1<\/b><\/td>\n\t\t<td style=\"padding-left: 8px;\">kolekcja prywatna<\/td>\n\t<\/tr>\n\t<tr>\n\t\t<td style=\"background-color: #DDDDDD; text-align: center; \"><b>2<\/b><\/td>\n<td style=\"background-color: #FFFF99; white-space: nowrap; padding-left: 8px;\"><b><big><big> <a href=\"https:\/\/pl.wikipedia.org\/wiki\/%C5%81ubki_(gmina)\"> \u0141UBKI<\/a> <\/big><\/big><\/b><br><b><big> W\u00f3jt gminy <\/big><\/b><\/td>\n\t<\/tr>\n\t<tr>\n\t\t<td style=\"background-color: #DDDDDD; text-align: center; \"><b>3a<\/b><\/td>\n\t\t<td style=\"padding-left: 8px;\">mosi\u0105dz<\/td>\n\t<\/tr>\n\t<tr>\n\t\t<td style=\"background-color: #DDDDDD; text-align: center; \"><b>3b<\/b><\/td>\n\t\t<td style=\"padding-left: 8px;\"> &#8211; <\/td>\n\t<\/tr>\n\t<tr>\n\t\t<td style=\"background-color: #DDDDDD; text-align: center; \"><b>4<\/b><\/td>\n\t\t<td style=\"padding-left: 8px;\">okr\u0105g\u0142a \u00d8 30 mm<\/td>\n\t<\/tr>\n\t<tr>\n\t\t<td style=\"background-color: #DDDDDD; text-align: center; \"><b>5<\/b><\/td>\n\t\t<td style=\"padding-left: 8px;\">wkl\u0119s\u0142oryty<\/td>\n\t<\/tr>\n\t<tr>\n\t\t<td style=\"background-color: #DDDDDD; text-align: center; \"><b>6<\/b><\/td>\n<td style=\"padding-left: 8px;\"> na rancie matrycy znacznik poprawnego ustawienia t\u0142oka<\/td>\n\t<\/tr>\n<tr>\n\t\t<td style=\"background-color: #DDDDDD; text-align: center; \"><b>7<\/b><\/td>\n<td style=\"padding-left: 8px;\"> brak, trzpie\u0144 do jego zamocowania<\/td>\n\t<\/tr>\n\t<tr>\n\t\t<td style=\"background-color: #DDDDDD; text-align: center; \"><b>7a<\/b><\/td>\n\t\t<td style=\"padding-left: 8px;\">30 mm<\/td>\n\t<\/tr>\n\t<tr>\n\t\t<td style=\"background-color: #DDDDDD; text-align: center; \"><b>7b<\/b><\/td>\n\t\t<td style=\"padding-left: 8px;\"> 23 mm <\/td>\n\t<\/tr>\n\t<tr>\n\t\t<td style=\"background-color: #DDDDDD; text-align: center; \"><b>7c<\/b><\/td>\n\t\t<td style=\"padding-left: 8px;\">7 mm<\/td>\n\t<\/tr>\n\t<tr>\n\t\t<td style=\"background-color: #DDDDDD; text-align: center; \"><b>8<\/b><\/td>\n<td style=\"padding-left: 8px;\"> &#8211; <\/td>\n\t<\/tr>\n\t<tr>\n\t\t<td style=\"background-color: #DDDDDD; text-align: center; \"><b>9a<\/b><\/td>\n\t\t<td style=\"padding-left: 8px;\">majusku\u0142a<\/td>\n\t<\/tr>\n\t<tr>\n\t\t<td style=\"background-color: #DDDDDD; text-align: center; \"><b>9b<\/b><\/td>\n<td style=\"padding-left: 8px;\"><br> w polu poni\u017cej wyobra\u017cenia napieczetnego:<b> \u0412\u041e\u0419\u0422\u0410 \/\/ \u041b\u0423\u0411\u041a\u041e\u0412\u0421\u041e\u0419 \u0413\u041c\u0418\u041d\u042b \/\/\u041f\u041b\u041e\u0426\u041a\u0410\u0413\u041e \u0423\u0462\u0417\u0414\u0410 <\/b><br><br><\/td>\n\t<\/tr>\n\t<tr>\n\t\t<td style=\"background-color: #DDDDDD; text-align: center; \"><b>10<\/b><\/td>\n<td style=\"padding-left: 8px;\">  W  polu piecz\u0119ci, wizerunek dwug\u0142owego or\u0142a ukoronowanego ze wst\u0119gami pod wsp\u00f3ln\u0105 koron\u0105, z ber\u0142em i jab\u0142kiem w szponach.  Wizerunek ustalony dla ma\u0142ego herbu Rosji w 1857 r. Poni\u017cej nazwa dysponenta w trzech wierszach. Na zewn\u0105trz, wok\u00f3\u0142 pola piecz\u0119ci, pojedyncze obrze\u017cenie ci\u0105g\u0142e.<\/td><\/tr>\n\t<tr>\n\t\t<td style=\"background-color: #DDDDDD; text-align: center; \"><b>11<\/b><\/td>\n<td style=\"padding-left: 8px;\">&#8211;<\/td>\n\t<\/tr>\n\t<tr>\n\t\t<td style=\"background-color: #DDDDDD; text-align: center; \"><b>12<\/b><\/td>\n\t\t<td style=\"padding-left: 8px;\">&#8211;<\/td>\n\t<\/tr>\n<\/tbody><\/table>\n\n\n\n<p> <a rel=\"noreferrer noopener\" href=\"http:\/\/sigillarium.pl\/index.php\/legenda-do-opisu-tloka-pieczetnego\/\" target=\"_blank\">Legenda<\/a><\/p>\n<\/div>\n<\/div>\n\n\n\n<hr class=\"wp-block-separator has-alpha-channel-opacity\"\/>\n\n\n\n<div class=\"wp-block-columns is-layout-flex wp-container-core-columns-is-layout-9d6595d7 wp-block-columns-is-layout-flex\">\n<div class=\"wp-block-column is-layout-flow wp-block-column-is-layout-flow\" style=\"flex-basis:1%\"><\/div>\n\n\n\n<div class=\"wp-block-column is-vertically-aligned-center is-layout-flow wp-block-column-is-layout-flow\" style=\"flex-basis:23%\">\n<figure class=\"wp-block-gallery aligncenter has-nested-images columns-default is-cropped wp-block-gallery-8 is-layout-flex wp-block-gallery-is-layout-flex\">\n<figure class=\"wp-block-image size-large\"><a href=\"https:\/\/sigillarium.pl\/wp-content\/uploads\/2023\/03\/Niwka-Komendant-Osrodka-Pracy-pieczec-seal-petschaft-siegel-sceau-sigillarium.jpg.jpg\"><img loading=\"lazy\" decoding=\"async\" width=\"1024\" height=\"1009\" data-id=\"24728\" src=\"https:\/\/sigillarium.pl\/wp-content\/uploads\/2023\/03\/Niwka-Komendant-Osrodka-Pracy-pieczec-seal-petschaft-siegel-sceau-sigillarium.jpg-1024x1009.jpg\" alt=\"\" class=\"wp-image-24728\" srcset=\"https:\/\/sigillarium.pl\/wp-content\/uploads\/2023\/03\/Niwka-Komendant-Osrodka-Pracy-pieczec-seal-petschaft-siegel-sceau-sigillarium.jpg-1024x1009.jpg 1024w, https:\/\/sigillarium.pl\/wp-content\/uploads\/2023\/03\/Niwka-Komendant-Osrodka-Pracy-pieczec-seal-petschaft-siegel-sceau-sigillarium.jpg-300x296.jpg 300w, https:\/\/sigillarium.pl\/wp-content\/uploads\/2023\/03\/Niwka-Komendant-Osrodka-Pracy-pieczec-seal-petschaft-siegel-sceau-sigillarium.jpg-768x757.jpg 768w, https:\/\/sigillarium.pl\/wp-content\/uploads\/2023\/03\/Niwka-Komendant-Osrodka-Pracy-pieczec-seal-petschaft-siegel-sceau-sigillarium.jpg.jpg 1058w\" sizes=\"auto, (max-width: 1024px) 100vw, 1024px\" \/><\/a><\/figure>\n<\/figure>\n<\/div>\n\n\n\n<div class=\"wp-block-column is-layout-flow wp-block-column-is-layout-flow\" style=\"flex-basis:1%\"><\/div>\n\n\n\n<div class=\"wp-block-column is-vertically-aligned-center is-layout-flow wp-block-column-is-layout-flow\" style=\"flex-basis:23%\"><div class=\"wp-block-image is-style-default\">\n<figure class=\"aligncenter size-large is-resized\"><img loading=\"lazy\" decoding=\"async\" src=\"https:\/\/sigillarium.pl\/wp-content\/uploads\/2023\/03\/Niwka-Komendant-obozu-pracy-uchwyt-Niwka-Komendant-Osrodka-Pracy-pieczec-seal-petschaft-siegel-sceau-sigillarium.jpg-512x1024.png\" alt=\"\" class=\"wp-image-24730\" width=\"188\" height=\"376\" srcset=\"https:\/\/sigillarium.pl\/wp-content\/uploads\/2023\/03\/Niwka-Komendant-obozu-pracy-uchwyt-Niwka-Komendant-Osrodka-Pracy-pieczec-seal-petschaft-siegel-sceau-sigillarium.jpg-512x1024.png 512w, https:\/\/sigillarium.pl\/wp-content\/uploads\/2023\/03\/Niwka-Komendant-obozu-pracy-uchwyt-Niwka-Komendant-Osrodka-Pracy-pieczec-seal-petschaft-siegel-sceau-sigillarium.jpg-150x300.png 150w, https:\/\/sigillarium.pl\/wp-content\/uploads\/2023\/03\/Niwka-Komendant-obozu-pracy-uchwyt-Niwka-Komendant-Osrodka-Pracy-pieczec-seal-petschaft-siegel-sceau-sigillarium.jpg.png 562w\" sizes=\"auto, (max-width: 188px) 100vw, 188px\" \/><\/figure>\n<\/div><\/div>\n\n\n\n<div class=\"wp-block-column is-layout-flow wp-block-column-is-layout-flow\" style=\"flex-basis:1%\"><\/div>\n\n\n\n<div class=\"wp-block-column is-layout-flow wp-block-column-is-layout-flow\" style=\"flex-basis:48%\">\n<style> td {font-size: 11px; color: black; font-family: Arial;} <\/style>\n<table style=\"width: 500px; height: 150px;\">\n\t<tbody><tr>\n\t\t<td style=\"background-color: #DDDDDD; width:6%; text-align: center; \"><b>1<\/b><\/td>\n\t\t<td style=\"padding-left: 8px;\">kolekcja prywatna<\/td>\n\t<\/tr>\n\t<tr>\n\t\t<td style=\"background-color: #DDDDDD; text-align: center; \"><b>2<\/b><\/td>\n<td style=\"background-color: #FFFF99; white-space: nowrap; padding-left: 8px;\"><b><big><big><a href=\"https:\/\/pl.wikipedia.org\/wiki\/Niwka_(Sosnowiec)\"> NIWKA<\/a><\/big><\/big><\/b><br><big><b>Komendant O\u015brodka Pracy<\/b><\/big><\/td>\n\t<\/tr>\n\t<tr>\n\t\t<td style=\"background-color: #DDDDDD; text-align: center; \"><b>3a<\/b><\/td>\n\t\t<td style=\"padding-left: 8px;\">mosi\u0105dz<\/td>\n\t<\/tr>\n\t<tr>\n\t\t<td style=\"background-color: #DDDDDD; text-align: center; \"><b>3b<\/b><\/td>\n\t\t<td style=\"padding-left: 8px;\">drewno<\/td>\n\t<\/tr>\n\t<tr>\n\t\t<td style=\"background-color: #DDDDDD; text-align: center; \"><b>4<\/b><\/td>\n\t\t<td style=\"padding-left: 8px;\">okr\u0105g\u0142a \u00d8 30 mm<\/td>\n\t<\/tr>\n\t<tr>\n\t\t<td style=\"background-color: #DDDDDD; text-align: center; \"><b>5<\/b><\/td>\n\t\t<td style=\"padding-left: 8px;\">wkl\u0119s\u0142oryty<\/td>\n\t<\/tr>\n\t<tr>\n\t\t<td style=\"background-color: #DDDDDD; text-align: center; \"><b>6<\/b><\/td>\n<td style=\"padding-left: 8px;\">na rancie matrycy numer grawera 7<\/td>\n\t<\/tr>\n<tr>\n\t\t<td style=\"background-color: #DDDDDD; text-align: center; \"><b>7<\/b><\/td>\n<td style=\"padding-left: 8px;\">uchwyt toczony o kulistej ga\u0142ce<\/td>\n\t<\/tr>\n\t<tr>\n\t\t<td style=\"background-color: #DDDDDD; text-align: center; \"><b>7a<\/b><\/td>\n\t\t<td style=\"padding-left: 8px;\">90 mm<\/td>\n\t<\/tr>\n\t<tr>\n\t\t<td style=\"background-color: #DDDDDD; text-align: center; \"><b>7b<\/b><\/td>\n\t\t<td style=\"padding-left: 8px;\">81 mm, w tym skuwka 8 mm (\u00d8 16,5 mm)<\/td>\n\t<\/tr>\n\t<tr>\n\t\t<td style=\"background-color: #DDDDDD; text-align: center; \"><b>7c<\/b><\/td>\n\t\t<td style=\"padding-left: 8px;\">9 mm<\/td>\n\t<\/tr>\n\t<tr>\n\t\t<td style=\"background-color: #DDDDDD; text-align: center; \"><b>8<\/b><\/td>\n<td style=\"padding-left: 8px;\">na ga\u0142ce uchwytu znacznik prawid\u0142owego ustawienia t\u0142oka<\/td>\n\t<\/tr>\n\t<tr>\n\t\t<td style=\"background-color: #DDDDDD; text-align: center; \"><b>9a<\/b><\/td>\n\t\t<td style=\"padding-left: 8px;\">majusku\u0142a<\/td>\n\t<\/tr>\n\t<tr>\n\t\t<td style=\"background-color: #DDDDDD; text-align: center; \"><b>9b<\/b><\/td>\n<td style=\"padding-left: 8px;\"><br> w otoku:  <b>KOMENDANT O\u015aR <i> (odka).<\/i> PRACY NIWKA * <br><\/b> w polu: <b> DLA \/\/ PAKIET\u00d3W<\/b><br><br><\/td> \n\t<\/tr>\n\t<tr>\n\t\t<td style=\"background-color: #DDDDDD; text-align: center; \"><b>10<\/b><\/td>\n<td style=\"padding-left: 8px;\"> W polu piecz\u0119ci, oddzielonym od pola legendy obrze\u017ceniem ci\u0105g\u0142ym, napis w dw\u00f3ch wierszach. Na zewn\u0105trz, wok\u00f3\u0142 pola legendy, pojedyncze obrze\u017cenie ci\u0105g\u0142e. <\/td>\n<\/tr>\n\t<tr>\n\t\t<td style=\"background-color: #DDDDDD; text-align: center; \"><b>11<\/b><\/td>\n<td style=\"padding-left: 8px;\">&#8211;<\/td>\n\t<\/tr>\n\t<tr>\n\t\t<td style=\"background-color: #DDDDDD; text-align: center; \"><b>12<\/b><\/td>\n<td style=\"padding-left: 8px;\"> na odwrocie matrycy numer ewidencyjny 98 562, <\/td>\n\t<\/tr>\n<\/tbody><\/table>\n\n\n\n<p> <a rel=\"noreferrer noopener\" href=\"http:\/\/sigillarium.pl\/index.php\/legenda-do-opisu-tloka-pieczetnego\/\" target=\"_blank\">Legenda<\/a><\/p>\n<\/div>\n<\/div>\n\n\n\n<hr class=\"wp-block-separator has-alpha-channel-opacity\"\/>\n\n\n\n<div class=\"wp-block-columns is-layout-flex wp-container-core-columns-is-layout-9d6595d7 wp-block-columns-is-layout-flex\">\n<div class=\"wp-block-column is-layout-flow wp-block-column-is-layout-flow\" style=\"flex-basis:1%\"><\/div>\n\n\n\n<div class=\"wp-block-column is-vertically-aligned-center is-layout-flow wp-block-column-is-layout-flow\" style=\"flex-basis:23%\">\n<figure class=\"wp-block-gallery aligncenter has-nested-images columns-default is-cropped wp-block-gallery-9 is-layout-flex wp-block-gallery-is-layout-flex\">\n<figure class=\"wp-block-image size-full\"><a href=\"https:\/\/sigillarium.pl\/wp-content\/uploads\/2023\/03\/Radycza-Soltys-pieczec-seal-petschaft-siegel-sceau-sigillarium.-1jpg..jpg\"><img loading=\"lazy\" decoding=\"async\" width=\"897\" height=\"960\" data-id=\"24733\" src=\"https:\/\/sigillarium.pl\/wp-content\/uploads\/2023\/03\/Radycza-Soltys-pieczec-seal-petschaft-siegel-sceau-sigillarium.-1jpg..jpg\" alt=\"\" class=\"wp-image-24733\" srcset=\"https:\/\/sigillarium.pl\/wp-content\/uploads\/2023\/03\/Radycza-Soltys-pieczec-seal-petschaft-siegel-sceau-sigillarium.-1jpg..jpg 897w, https:\/\/sigillarium.pl\/wp-content\/uploads\/2023\/03\/Radycza-Soltys-pieczec-seal-petschaft-siegel-sceau-sigillarium.-1jpg.-280x300.jpg 280w, https:\/\/sigillarium.pl\/wp-content\/uploads\/2023\/03\/Radycza-Soltys-pieczec-seal-petschaft-siegel-sceau-sigillarium.-1jpg.-768x822.jpg 768w\" sizes=\"auto, (max-width: 897px) 100vw, 897px\" \/><\/a><\/figure>\n<\/figure>\n<\/div>\n\n\n\n<div class=\"wp-block-column is-layout-flow wp-block-column-is-layout-flow\" style=\"flex-basis:1%\"><\/div>\n\n\n\n<div class=\"wp-block-column is-vertically-aligned-center is-layout-flow wp-block-column-is-layout-flow\" style=\"flex-basis:23%\"><div class=\"wp-block-image\">\n<figure class=\"aligncenter size-large is-resized\"><img loading=\"lazy\" decoding=\"async\" src=\"https:\/\/sigillarium.pl\/wp-content\/uploads\/2023\/03\/Radycza-Soltys-uchwyt-pieczec-seal-petschaft-siegel-sceau-sigillarium.-1jpg.-515x1024.jpg\" alt=\"\" class=\"wp-image-24734\" width=\"181\" height=\"359\" srcset=\"https:\/\/sigillarium.pl\/wp-content\/uploads\/2023\/03\/Radycza-Soltys-uchwyt-pieczec-seal-petschaft-siegel-sceau-sigillarium.-1jpg.-515x1024.jpg 515w, https:\/\/sigillarium.pl\/wp-content\/uploads\/2023\/03\/Radycza-Soltys-uchwyt-pieczec-seal-petschaft-siegel-sceau-sigillarium.-1jpg.-151x300.jpg 151w, https:\/\/sigillarium.pl\/wp-content\/uploads\/2023\/03\/Radycza-Soltys-uchwyt-pieczec-seal-petschaft-siegel-sceau-sigillarium.-1jpg..jpg 566w\" sizes=\"auto, (max-width: 181px) 100vw, 181px\" \/><\/figure>\n<\/div><\/div>\n\n\n\n<div class=\"wp-block-column is-layout-flow wp-block-column-is-layout-flow\" style=\"flex-basis:1%\"><\/div>\n\n\n\n<div class=\"wp-block-column is-layout-flow wp-block-column-is-layout-flow\" style=\"flex-basis:49%\">\n<style> td {font-size: 11px; color: black; font-family: Arial;} <\/style>\n<table style=\"width: 500px; height: 150px;\">\n\t<tbody><tr>\n\t\t<td style=\"background-color: #DDDDDD; width:6%; text-align: center; \"><b>1<\/b><\/td>\n\t\t<td style=\"padding-left: 8px;\">kolekcja prywatna<\/td>\n\t<\/tr>\n\t<tr>\n\t\t<td style=\"background-color: #DDDDDD; text-align: center; \"><b>2<\/b><\/td>\n<td style=\"background-color: #FFFF99; white-space: nowrap; padding-left: 8px;\"><b><big><big> <a href=\" https:\/\/pl.wikipedia.org\/wiki\/Radycza\"> RADYCZA<\/a><a> <\/a><\/big><\/big><a><br><big> So\u0142tys<\/big><\/a><\/b><\/td>\n\t<\/tr>\n\t<tr>\n\t\t<td style=\"background-color: #DDDDDD; text-align: center; \"><b>3a<\/b><\/td>\n\t\t<td style=\"padding-left: 8px;\">stop o\u0142owiu i cynku<\/td>\n\t<\/tr>\n\t<tr>\n\t\t<td style=\"background-color: #DDDDDD; text-align: center; \"><b>3b<\/b><\/td>\n\t\t<td style=\"padding-left: 8px;\"> drewno <\/td>\n\t<\/tr>\n\t<tr>\n\t\t<td style=\"background-color: #DDDDDD; text-align: center; \"><b>4<\/b><\/td>\n\t\t<td style=\"padding-left: 8px;\"> okr\u0105g\u0142a \u00d8 33 mm z wypustk\u0105 ponad kraw\u0119d\u017a <\/td>\n\t<\/tr>\n\t<tr>\n\t\t<td style=\"background-color: #DDDDDD; text-align: center; \"><b>5<\/b><\/td>\n\t\t<td style=\"padding-left: 8px;\">wypuk\u0142oryty<\/td>\n\t<\/tr>\n\t<tr>\n\t\t<td style=\"background-color: #DDDDDD; text-align: center; \"><b>6<\/b><\/td>\n<td style=\"padding-left: 8px;\">&#8211;<\/td>\n\t<\/tr>\n<tr>\n\t\t<td style=\"background-color: #DDDDDD; text-align: center; \"><b>7<\/b><\/td>\n<td style=\"padding-left: 8px;\"> uchwyt toczony o sp\u0142aszczonej ga\u0142ce<\/td>\n\t<\/tr>\n\t<tr>\n\t\t<td style=\"background-color: #DDDDDD; text-align: center; \"><b>7a<\/b><\/td>\n\t\t<td style=\"padding-left: 8px;\">87 mm<\/td>\n\t<\/tr>\n\t<tr>\n\t\t<td style=\"background-color: #DDDDDD; text-align: center; \"><b>7b<\/b><\/td>\n\t\t<td style=\"padding-left: 8px;\"> 80 mm, bez skuwki <\/td>\n\t<\/tr>\n\t<tr>\n\t\t<td style=\"background-color: #DDDDDD; text-align: center; \"><b>7c<\/b><\/td>\n\t\t<td style=\"padding-left: 8px;\"> 7 mm<\/td>\n\t<\/tr>\n\t<tr>\n\t\t<td style=\"background-color: #DDDDDD; text-align: center; \"><b>8<\/b><\/td>\n<td style=\"padding-left: 8px;\">&#8211;<\/td>\n\t<\/tr>\n\t<tr>\n\t\t<td style=\"background-color: #DDDDDD; text-align: center; \"><b>9a<\/b><\/td>\n\t\t<td style=\"padding-left: 8px;\">majusku\u0142a<\/td>\n\t<\/tr>\n\t<tr>\n\t\t<td style=\"background-color: #DDDDDD; text-align: center; \"><b>9b<\/b><\/td>\n<td style=\"padding-left: 8px;\"><br>w polu:<b> SO\u0141TYS \/\/ WSI RADYCZA \/\/ gm <i> (ina). <\/i> PACYNA *<\/b><br> w p\u00f3\u0142otoku dolnym: <b> pow <i> (iat).<\/i> GOSTY\u0143SKI<\/b><br><\/td> \n\t<\/tr><tr>\n\t\t<td style=\"background-color: #DDDDDD; text-align: center; \"><b>10<\/b><\/td>\n<td style=\"padding-left: 8px;\"><br><br> w polu piecz\u0119ci, w g\u00f3rnej cz\u0119\u015bci, wizerunek or\u0142a wystaj\u0105cy poza obrys okr\u0119gu wpisanego w pole matrycy, poni\u017cej napis w dw\u00f3ch wierszach. Na zewn\u0105trz, wok\u00f3\u0142 pola piecz\u0119ci, pojedyncze obrze\u017cenie ci\u0105g\u0142e.<\/td>\n<\/tr>\n\t<tr>\n\t\t<td style=\"background-color: #DDDDDD; text-align: center; \"><b>11<\/b><\/td>\n<td style=\"padding-left: 8px;\">podobna piecz\u0119\u0107 znajduje si\u0119 w zbiorach Muzeum Mazowieckiego w P\u0142ocku.<\/td>\n\t<\/tr>\n\t<tr>\n\t\t<td style=\"background-color: #DDDDDD; text-align: center; \"><b>12<\/b><\/td>\n<td style=\"padding-left: 8px;\">niska jako\u015b\u0107 wykonania matrycy<\/td>\n\t<\/tr>\n<\/tbody><\/table>\n\n\n\n<p style=\"text-transform:capitalize\"> <a rel=\"noreferrer noopener\" href=\"http:\/\/sigillarium.pl\/index.php\/legenda-do-opisu-tloka-pieczetnego\/\" target=\"_blank\">Legenda<\/a><\/p>\n<\/div>\n<\/div>\n\n\n\n<hr class=\"wp-block-separator has-alpha-channel-opacity\"\/>\n\n\n\n<div class=\"wp-block-columns is-layout-flex wp-container-core-columns-is-layout-9d6595d7 wp-block-columns-is-layout-flex\">\n<div class=\"wp-block-column is-layout-flow wp-block-column-is-layout-flow\" style=\"flex-basis:1%\"><\/div>\n\n\n\n<div class=\"wp-block-column is-vertically-aligned-center is-layout-flow wp-block-column-is-layout-flow\" style=\"flex-basis:23%\">\n<figure class=\"wp-block-gallery aligncenter has-nested-images columns-default is-cropped wp-block-gallery-10 is-layout-flex wp-block-gallery-is-layout-flex\">\n<figure class=\"wp-block-image size-large\"><a href=\"https:\/\/sigillarium.pl\/wp-content\/uploads\/2023\/04\/Sekowa-Mieczyslaw-Mrazek-pieczec-seal-petschaft-siegel-sceau-cachet-sigillarium.jpg\"><img loading=\"lazy\" decoding=\"async\" width=\"1024\" height=\"565\" data-id=\"24753\" src=\"https:\/\/sigillarium.pl\/wp-content\/uploads\/2023\/04\/Sekowa-Mieczyslaw-Mrazek-pieczec-seal-petschaft-siegel-sceau-cachet-sigillarium-1024x565.jpg\" alt=\"\" class=\"wp-image-24753\" srcset=\"https:\/\/sigillarium.pl\/wp-content\/uploads\/2023\/04\/Sekowa-Mieczyslaw-Mrazek-pieczec-seal-petschaft-siegel-sceau-cachet-sigillarium-1024x565.jpg 1024w, https:\/\/sigillarium.pl\/wp-content\/uploads\/2023\/04\/Sekowa-Mieczyslaw-Mrazek-pieczec-seal-petschaft-siegel-sceau-cachet-sigillarium-300x165.jpg 300w, https:\/\/sigillarium.pl\/wp-content\/uploads\/2023\/04\/Sekowa-Mieczyslaw-Mrazek-pieczec-seal-petschaft-siegel-sceau-cachet-sigillarium-768x424.jpg 768w, https:\/\/sigillarium.pl\/wp-content\/uploads\/2023\/04\/Sekowa-Mieczyslaw-Mrazek-pieczec-seal-petschaft-siegel-sceau-cachet-sigillarium-1536x847.jpg 1536w, https:\/\/sigillarium.pl\/wp-content\/uploads\/2023\/04\/Sekowa-Mieczyslaw-Mrazek-pieczec-seal-petschaft-siegel-sceau-cachet-sigillarium.jpg 1563w\" sizes=\"auto, (max-width: 1024px) 100vw, 1024px\" \/><\/a><\/figure>\n<\/figure>\n<\/div>\n\n\n\n<div class=\"wp-block-column is-layout-flow wp-block-column-is-layout-flow\" style=\"flex-basis:1%\"><\/div>\n\n\n\n<div class=\"wp-block-column is-vertically-aligned-center is-layout-flow wp-block-column-is-layout-flow\" style=\"flex-basis:23%\"><div class=\"wp-block-image\">\n<figure class=\"aligncenter size-full is-resized\"><img loading=\"lazy\" decoding=\"async\" src=\"https:\/\/sigillarium.pl\/wp-content\/uploads\/2023\/04\/Sekowa-Mieczyslaw-Mrazek-pieczec-uchwyt-seal-petschaft-siegel-sceau-cachet-sigillarium.jpg\" alt=\"\" class=\"wp-image-24754\" width=\"178\" height=\"289\" srcset=\"https:\/\/sigillarium.pl\/wp-content\/uploads\/2023\/04\/Sekowa-Mieczyslaw-Mrazek-pieczec-uchwyt-seal-petschaft-siegel-sceau-cachet-sigillarium.jpg 554w, https:\/\/sigillarium.pl\/wp-content\/uploads\/2023\/04\/Sekowa-Mieczyslaw-Mrazek-pieczec-uchwyt-seal-petschaft-siegel-sceau-cachet-sigillarium-184x300.jpg 184w\" sizes=\"auto, (max-width: 178px) 100vw, 178px\" \/><\/figure>\n<\/div><\/div>\n\n\n\n<div class=\"wp-block-column is-layout-flow wp-block-column-is-layout-flow\" style=\"flex-basis:1%\"><\/div>\n\n\n\n<div class=\"wp-block-column is-layout-flow wp-block-column-is-layout-flow\" style=\"flex-basis:48%\">\n<style> td {font-size: 11px; color: black; font-family: Arial;} <\/style>\n<table style=\"width: 500px; height: 150px;\">\n\t<tr>\n\t\t<td style=\"background-color: #DDDDDD; width:6%; text-align: center; \"><b>1<\/b><\/td>\n\t\t<td style=\"padding-left: 8px;\">kolekcja prywatna<\/td>\n\t<\/tr>\n\t<tr>\n\t\t<td style=\"background-color: #DDDDDD; text-align: center; \"><b>2<\/b><\/td>\n<td style=\"background-color: #FFFF99; white-space: nowrap; padding-left: 8px;\"><b><big><big> <a href=\"https:\/\/pl.wikipedia.org\/wiki\/S%C4%99kowa \">S\u0118KOWA<a> <\/big><\/big><br \/><big> Mieczys\u0142aw Mrazek <\/big><br \/ ><\/td>\n\t<\/tr>\n\t<tr>\n\t\t<td style=\"background-color: #DDDDDD; text-align: center; \"><b>3a<\/b><\/td>\n\t\t<td style=\"padding-left: 8px;\">guma<\/td>\n\t<\/tr>\n\t<tr>\n\t\t<td style=\"background-color: #DDDDDD; text-align: center; \"><b>3b<\/b><\/td>\n\t\t<td style=\"padding-left: 8px;\">drewno<\/td>\n\t<\/tr>\n\t<tr>\n\t\t<td style=\"background-color: #DDDDDD; text-align: center; \"><b>4<\/b><\/td>\n\t\t<td style=\"padding-left: 8px;\">prostok\u0105tna 22,5 x 47 mm <\/td>\n\t<\/tr>\n\t<tr>\n\t\t<td style=\"background-color: #DDDDDD; text-align: center; \"><b>5<\/b><\/td>\n\t\t<td style=\"padding-left: 8px;\">wypuk\u0142olany<\/td>\n\t<\/tr>\n\t<tr>\n\t\t<td style=\"background-color: #DDDDDD; text-align: center; \"><b>6<\/b><\/td>\n<td style=\"padding-left: 8px;\">&#8211;<\/td>\n\t<\/tr>\n<tr>\n\t\t<td style=\"background-color: #DDDDDD; text-align: center; \"><b>7<\/b><\/td>\n<td style=\"padding-left: 8px;\">uchwyt toczony o sp\u0142aszczonej ga\u0142ce <\/td>\n\t<\/tr>\n\t<tr>\n\t\t<td style=\"background-color: #DDDDDD; text-align: center; \"><b>7a<\/b><\/td>\n\t\t<td style=\"padding-left: 8px;\"> 72 mm<\/td>\n\t<\/tr>\n\t<tr>\n\t\t<td style=\"background-color: #DDDDDD; text-align: center; \"><b>7b<\/b><\/td>\n<td style=\"padding-left: 8px;\">69 mm, w tym stopka 15 mm <\/td>\n\t<\/tr>\n\t<tr>\n\t\t<td style=\"background-color: #DDDDDD; text-align: center; \"><b>7c<\/b><\/td>\n\t\t<td style=\"padding-left: 8px;\"> 3 mm<\/td>\n\t<\/tr>\n\t<tr>\n\t\t<td style=\"background-color: #DDDDDD; text-align: center; \"><b>8<\/b><\/td>\n<td style=\"padding-left: 8px;\">na uchwycie znacznik prawid\u0142owego ustawienia t\u0142oka (pineska)<\/td>\n\t<\/tr>\n\t<tr>\n\t\t<td style=\"background-color: #DDDDDD; text-align: center; \"><b>9a<\/b><\/td>\n\t\t<td style=\"padding-left: 8px;\">majusku\u0142a, minusku\u0142a<\/td>\n\t<\/tr>\n\t<tr>\n\t\t<td style=\"background-color: #DDDDDD; text-align: center; \"><b>9b<\/b><\/td>\n<td style=\"padding-left: 8px;\">&#8211;<\/td> \n<\/tr>\n\t<tr>\t\n\t\t<td style=\"background-color: #DDDDDD; text-align: center; \"><b>10<\/b><\/td>\n<td style=\"padding-left: 8px;\"> W polu piecz\u0119ci napis w trzech wierszach; w pierwszym nazwa dysponenta. Na zewn\u0105trz, wok\u00f3\u0142 pola piecz\u0119ci, pojedyncze nieregularne obrze\u017cenie ci\u0105g\u0142e.<\/td>\n<\/tr>\n\t<tr>\n\t\t<td style=\"background-color: #DDDDDD; text-align: center; \"><b>11<\/b><\/td>\n<td style=\"padding-left: 8px;\">&#8211;<\/td>\n\t<\/tr>\n\t<tr>\n\t\t<td style=\"background-color: #DDDDDD; text-align: center; \"><b>12<\/b><\/td>\n<td style=\"padding-left: 8px;\">W 1903 r. mieszkaj\u0105c w S\u0119kowej M. Mrazek naby\u0142 dom w Krakowe, gdzie umie\u015bci\u0142 dzieci pod opiek\u0105 swojej siostry W\u0142adys\u0142awy. Zobacz dodatkowo: <a href=\"http:\/\/www.sekowa.info\/index.php?go=12&#038;id2=595 \"> Mieczys\u0142aw Mrazek <\/a> <\/td>\n\t<\/tr>\n<\/table>\n\n\n\n<p style=\"text-transform:capitalize\"> <a rel=\"noreferrer noopener\" href=\"http:\/\/sigillarium.pl\/index.php\/legenda-do-opisu-tloka-pieczetnego\/\" target=\"_blank\">Legenda<\/a><\/p>\n<\/div>\n<\/div>\n\n\n\n<hr class=\"wp-block-separator has-alpha-channel-opacity\"\/>\n\n\n\n<div class=\"wp-block-columns is-layout-flex wp-container-core-columns-is-layout-9d6595d7 wp-block-columns-is-layout-flex\">\n<div class=\"wp-block-column is-layout-flow wp-block-column-is-layout-flow\" style=\"flex-basis:1%\"><\/div>\n\n\n\n<div class=\"wp-block-column is-vertically-aligned-center is-layout-flow wp-block-column-is-layout-flow\" style=\"flex-basis:23%\">\n<figure class=\"wp-block-gallery aligncenter has-nested-images columns-default is-cropped wp-block-gallery-11 is-layout-flex wp-block-gallery-is-layout-flex\">\n<figure class=\"wp-block-image size-large\"><a href=\"https:\/\/sigillarium.pl\/wp-content\/uploads\/2023\/03\/Bianow-Prezydium-Miejskiej-Rady-Narodowej-pieczec-seal-petschaft-siegel-sceau-sigillarium.1.jpg\"><img loading=\"lazy\" decoding=\"async\" width=\"1024\" height=\"1009\" data-id=\"24725\" src=\"https:\/\/sigillarium.pl\/wp-content\/uploads\/2023\/03\/Bianow-Prezydium-Miejskiej-Rady-Narodowej-pieczec-seal-petschaft-siegel-sceau-sigillarium.1-1024x1009.jpg\" alt=\"\" class=\"wp-image-24725\" srcset=\"https:\/\/sigillarium.pl\/wp-content\/uploads\/2023\/03\/Bianow-Prezydium-Miejskiej-Rady-Narodowej-pieczec-seal-petschaft-siegel-sceau-sigillarium.1-1024x1009.jpg 1024w, https:\/\/sigillarium.pl\/wp-content\/uploads\/2023\/03\/Bianow-Prezydium-Miejskiej-Rady-Narodowej-pieczec-seal-petschaft-siegel-sceau-sigillarium.1-300x296.jpg 300w, https:\/\/sigillarium.pl\/wp-content\/uploads\/2023\/03\/Bianow-Prezydium-Miejskiej-Rady-Narodowej-pieczec-seal-petschaft-siegel-sceau-sigillarium.1-768x757.jpg 768w, https:\/\/sigillarium.pl\/wp-content\/uploads\/2023\/03\/Bianow-Prezydium-Miejskiej-Rady-Narodowej-pieczec-seal-petschaft-siegel-sceau-sigillarium.1.jpg 1038w\" sizes=\"auto, (max-width: 1024px) 100vw, 1024px\" \/><\/a><\/figure>\n<\/figure>\n<\/div>\n\n\n\n<div class=\"wp-block-column is-layout-flow wp-block-column-is-layout-flow\" style=\"flex-basis:1%\"><\/div>\n\n\n\n<div class=\"wp-block-column is-vertically-aligned-center is-layout-flow wp-block-column-is-layout-flow\" style=\"flex-basis:23%\"><div class=\"wp-block-image\">\n<figure class=\"aligncenter size-large is-resized\"><img loading=\"lazy\" decoding=\"async\" src=\"https:\/\/sigillarium.pl\/wp-content\/uploads\/2023\/03\/Bianow-Prezydium-Miejskiej-Rady-Narodowej-uchwyt-pieczec-seal-petschaft-siegel-sceau-sigillarium.jpg-488x1024.jpg\" alt=\"\" class=\"wp-image-24691\" width=\"186\" height=\"387\"\/><\/figure>\n<\/div><\/div>\n\n\n\n<div class=\"wp-block-column is-layout-flow wp-block-column-is-layout-flow\" style=\"flex-basis:1%\"><\/div>\n\n\n\n<div class=\"wp-block-column is-layout-flow wp-block-column-is-layout-flow\" style=\"flex-basis:48%\">\n<style> td {font-size: 11px; color: black; font-family: Arial;} <\/style>\n<table style=\"width: 500px; height: 150px;\">\n\t<tbody><tr>\n\t\t<td style=\"background-color: #DDDDDD; width:6%; text-align: center; \"><b>1<\/b><\/td>\n\t\t<td style=\"padding-left: 8px;\">kolekcja prywatna<\/td>\n\t<\/tr>\n\t<tr>\n\t\t<td style=\"background-color: #DDDDDD; text-align: center; \"><b>2<\/b><\/td>\n<td style=\"background-color: #FFFF99; white-space: nowrap; padding-left: 8px;\"><b><big><big><a href=\"https:\/\/pl.wikipedia.org\/wiki\/Sian%C3%B3w\"> SIAN\u00d3W<\/a><\/big><\/big><\/b><br><big><b>Prezydium Miejskiej Rady Narodowej<\/b><\/big><\/td>\n\t<\/tr>\n\t<tr>\n\t\t<td style=\"background-color: #DDDDDD; text-align: center; \"><b>3a<\/b><\/td>\n\t\t<td style=\"padding-left: 8px;\">mosi\u0105dz<\/td>\n\t<\/tr>\n\t<tr>\n\t\t<td style=\"background-color: #DDDDDD; text-align: center; \"><b>3b<\/b><\/td>\n\t\t<td style=\"padding-left: 8px;\">drewno<\/td>\n\t<\/tr>\n\t<tr>\n\t\t<td style=\"background-color: #DDDDDD; text-align: center; \"><b>4<\/b><\/td>\n\t\t<td style=\"padding-left: 8px;\">okr\u0105g\u0142a \u00d8 30 mm<\/td>\n\t<\/tr>\n\t<tr>\n\t\t<td style=\"background-color: #DDDDDD; text-align: center; \"><b>5<\/b><\/td>\n\t\t<td style=\"padding-left: 8px;\">wkl\u0119s\u0142oryty<\/td>\n\t<\/tr>\n\t<tr>\n\t\t<td style=\"background-color: #DDDDDD; text-align: center; \"><b>6<\/b><\/td>\n<td style=\"padding-left: 8px;\">na rancie matrycy numer grawera 5<\/td>\n\t<\/tr>\n<tr>\n\t\t<td style=\"background-color: #DDDDDD; text-align: center; \"><b>7<\/b><\/td>\n<td style=\"padding-left: 8px;\">uchwyt toczony o kulistej ga\u0142ce<\/td>\n\t<\/tr>\n\t<tr>\n\t\t<td style=\"background-color: #DDDDDD; text-align: center; \"><b>7a<\/b><\/td>\n\t\t<td style=\"padding-left: 8px;\">97 mm<\/td>\n\t<\/tr>\n\t<tr>\n\t\t<td style=\"background-color: #DDDDDD; text-align: center; \"><b>7b<\/b><\/td>\n\t\t<td style=\"padding-left: 8px;\">88 mm, w tym skuwka 10 mm (\u00d8 30 mm)<\/td>\n\t<\/tr>\n\t<tr>\n\t\t<td style=\"background-color: #DDDDDD; text-align: center; \"><b>7c<\/b><\/td>\n\t\t<td style=\"padding-left: 8px;\">9 mm<\/td>\n\t<\/tr>\n\t<tr>\n\t\t<td style=\"background-color: #DDDDDD; text-align: center; \"><b>8<\/b><\/td>\n<td style=\"padding-left: 8px;\">na ga\u0142ce uchwytu znacznik prawid\u0142owego ustawienia t\u0142oka<\/td>\n\t<\/tr>\n\t<tr>\n\t\t<td style=\"background-color: #DDDDDD; text-align: center; \"><b>9a<\/b><\/td>\n\t\t<td style=\"padding-left: 8px;\">majusku\u0142a<\/td>\n\t<\/tr>\n\t<tr>\n\t\t<td style=\"background-color: #DDDDDD; text-align: center; \"><b>9b<\/b><\/td>\n<td style=\"padding-left: 8px;\"><br> w otoku (zewn\u0119trznym):  <b>* PREZYDIUM MIEJSKIEJ RADY NARODOWEJ * <\/b><br> w otoku wewn\u0119trznym:<b> POW <i> (iat).<\/i> KOSZALI\u0143SKI \/\/ W SIENIAWIE <\/b><br><br><\/td> \n\t<\/tr>\n\t<tr>\n\t\t<td style=\"background-color: #DDDDDD; text-align: center; \"><b>10<\/b><\/td>\n<td style=\"padding-left: 8px;\"> W polu piecz\u0119ci, oddzielonym od pola legendy obrze\u017ceniem ci\u0105g\u0142ym, wizerunek or\u0142a, ustalony dla god\u0142a herbu Polskiej Rzeczypospolitej Ludowej w 1955 r. Na zewn\u0105trz, wok\u00f3\u0142 pola legendy, pojedyncze obrze\u017cenie ci\u0105g\u0142e. <\/td>\n<\/tr>\n\t<tr>\n\t\t<td style=\"background-color: #DDDDDD; text-align: center; \"><b>11<\/b><\/td>\n<td style=\"padding-left: 8px;\">&#8211;<\/td>\n\t<\/tr>\n\t<tr>\n\t\t<td style=\"background-color: #DDDDDD; text-align: center; \"><b>12<\/b><\/td>\n<td style=\"padding-left: 8px;\"> na odwrocie matrycy numer ewidencyjny 98 562, <\/td>\n\t<\/tr>\n<\/tbody><\/table>\n\n\n\n<p> <a rel=\"noreferrer noopener\" href=\"http:\/\/sigillarium.pl\/index.php\/legenda-do-opisu-tloka-pieczetnego\/\" target=\"_blank\">Legenda<\/a><\/p>\n<\/div>\n<\/div>\n\n\n\n<hr class=\"wp-block-separator has-alpha-channel-opacity\"\/>\n\n\n\n<div class=\"wp-block-columns is-layout-flex wp-container-core-columns-is-layout-9d6595d7 wp-block-columns-is-layout-flex\">\n<div class=\"wp-block-column is-layout-flow wp-block-column-is-layout-flow\" style=\"flex-basis:1%\"><\/div>\n\n\n\n<div class=\"wp-block-column is-vertically-aligned-center is-layout-flow wp-block-column-is-layout-flow\" style=\"flex-basis:23%\">\n<figure class=\"wp-block-gallery aligncenter has-nested-images columns-default is-cropped wp-block-gallery-12 is-layout-flex wp-block-gallery-is-layout-flex\">\n<figure class=\"wp-block-image size-full\"><a href=\"https:\/\/sigillarium.pl\/wp-content\/uploads\/2023\/03\/Szafarnia-Urzad-_Pocztowo-Telekomunikacyjny-pieczec-seal-petschaft-siegel-sceau-sigillarium.jpg.jpg\"><img loading=\"lazy\" decoding=\"async\" width=\"660\" height=\"662\" data-id=\"24686\" src=\"https:\/\/sigillarium.pl\/wp-content\/uploads\/2023\/03\/Szafarnia-Urzad-_Pocztowo-Telekomunikacyjny-pieczec-seal-petschaft-siegel-sceau-sigillarium.jpg.jpg\" alt=\"\" class=\"wp-image-24686\" srcset=\"https:\/\/sigillarium.pl\/wp-content\/uploads\/2023\/03\/Szafarnia-Urzad-_Pocztowo-Telekomunikacyjny-pieczec-seal-petschaft-siegel-sceau-sigillarium.jpg.jpg 660w, https:\/\/sigillarium.pl\/wp-content\/uploads\/2023\/03\/Szafarnia-Urzad-_Pocztowo-Telekomunikacyjny-pieczec-seal-petschaft-siegel-sceau-sigillarium.jpg-300x300.jpg 300w, https:\/\/sigillarium.pl\/wp-content\/uploads\/2023\/03\/Szafarnia-Urzad-_Pocztowo-Telekomunikacyjny-pieczec-seal-petschaft-siegel-sceau-sigillarium.jpg-150x150.jpg 150w\" sizes=\"auto, (max-width: 660px) 100vw, 660px\" \/><\/a><\/figure>\n<\/figure>\n<\/div>\n\n\n\n<div class=\"wp-block-column is-layout-flow wp-block-column-is-layout-flow\" style=\"flex-basis:1%\"><\/div>\n\n\n\n<div class=\"wp-block-column is-vertically-aligned-center is-layout-flow wp-block-column-is-layout-flow\" style=\"flex-basis:23%\"><div class=\"wp-block-image\">\n<figure class=\"aligncenter size-large is-resized\"><img loading=\"lazy\" decoding=\"async\" src=\"https:\/\/sigillarium.pl\/wp-content\/uploads\/2023\/03\/Szafarnia-Urzad-_Pocztowo-Telekomunikacyjny-uchwyt-pieczec-seal-petschaft-siegel-sceau-sigillarium.jpg-541x1024.jpg\" alt=\"\" class=\"wp-image-24687\" width=\"183\" height=\"347\" srcset=\"https:\/\/sigillarium.pl\/wp-content\/uploads\/2023\/03\/Szafarnia-Urzad-_Pocztowo-Telekomunikacyjny-uchwyt-pieczec-seal-petschaft-siegel-sceau-sigillarium.jpg-541x1024.jpg 541w, https:\/\/sigillarium.pl\/wp-content\/uploads\/2023\/03\/Szafarnia-Urzad-_Pocztowo-Telekomunikacyjny-uchwyt-pieczec-seal-petschaft-siegel-sceau-sigillarium.jpg-158x300.jpg 158w, https:\/\/sigillarium.pl\/wp-content\/uploads\/2023\/03\/Szafarnia-Urzad-_Pocztowo-Telekomunikacyjny-uchwyt-pieczec-seal-petschaft-siegel-sceau-sigillarium.jpg.jpg 594w\" sizes=\"auto, (max-width: 183px) 100vw, 183px\" \/><\/figure>\n<\/div><\/div>\n\n\n\n<div class=\"wp-block-column is-layout-flow wp-block-column-is-layout-flow\" style=\"flex-basis:1%\"><\/div>\n\n\n\n<div class=\"wp-block-column is-layout-flow wp-block-column-is-layout-flow\" style=\"flex-basis:48%\">\n<style> td {font-size: 11px; color: black; font-family: Arial;} <\/style>\n<table style=\"width: 500px; height: 150px;\">\n\t<tbody><tr>\n\t\t<td style=\"background-color: #DDDDDD; width:6%; text-align: center; \"><b>1<\/b><\/td>\n\t\t<td style=\"padding-left: 8px;\">kolekcja prywatna<\/td>\n\t<\/tr>\n\t<tr>\n\t\t<td style=\"background-color: #DDDDDD; text-align: center; \"><b>2<\/b><\/td>\n<td style=\"background-color: #FFFF99; white-space: nowrap; padding-left: 8px;\"><b><big><big> <a href=\" https:\/\/pl.wikipedia.org\/wiki\/Szafarnia_(wojew%C3%B3dztwo_kujawsko-pomorskie)\"> SZAFARNIA<\/a> <\/big><\/big><br><big> Urz\u0105d Pocztowo &#8211; Telekomunikacyjny <\/big><\/b><\/td>\n\t<\/tr>\n\t<tr>\n\t\t<td style=\"background-color: #DDDDDD; text-align: center; \"><b>3a<\/b><\/td>\n\t\t<td style=\"padding-left: 8px;\">mosi\u0105dz<\/td>\n\t<\/tr>\n\t<tr>\n\t\t<td style=\"background-color: #DDDDDD; text-align: center; \"><b>3b<\/b><\/td>\n\t\t<td style=\"padding-left: 8px;\">tworzywo sztuczne<\/td>\n\t<\/tr>\n\t<tr>\n\t\t<td style=\"background-color: #DDDDDD; text-align: center; \"><b>4<\/b><\/td>\n\t\t<td style=\"padding-left: 8px;\">okr\u0105g\u0142a \u00d8 36 mm<\/td>\n\t<\/tr>\n\t<tr>\n\t\t<td style=\"background-color: #DDDDDD; text-align: center; \"><b>5<\/b><\/td>\n\t\t<td style=\"padding-left: 8px;\">wypuk\u0142oryty<\/td>\n\t<\/tr>\n\t<tr>\n\t\t<td style=\"background-color: #DDDDDD; text-align: center; \"><b>6<\/b><\/td>\n<td style=\"padding-left: 8px;\">&#8211;<\/td>\n\t<\/tr>\n<tr>\n\t\t<td style=\"background-color: #DDDDDD; text-align: center; \"><b>7<\/b><\/td>\n<td style=\"padding-left: 8px;\">uchwyt o kulistej ga\u0142ce z sygnatur\u0105 M\/\/W <\/td>\n\t<\/tr>\n\t<tr>\n\t\t<td style=\"background-color: #DDDDDD; text-align: center; \"><b>7a<\/b><\/td>\n\t\t<td style=\"padding-left: 8px;\"> 91 mm<\/td>\n\t<\/tr>\n\t<tr>\n\t\t<td style=\"background-color: #DDDDDD; text-align: center; \"><b>7b<\/b><\/td>\n<td style=\"padding-left: 8px;\"> 82 mm <\/td>\n\t<\/tr>\n\t<tr>\n\t\t<td style=\"background-color: #DDDDDD; text-align: center; \"><b>7c<\/b><\/td>\n\t\t<td style=\"padding-left: 8px;\"> 9 mm<\/td>\n\t<\/tr>\n\t<tr>\n\t\t<td style=\"background-color: #DDDDDD; text-align: center; \"><b>8<\/b><\/td>\n<td style=\"padding-left: 8px;\">&#8211;<\/td>\n\t<\/tr>\n\t<tr>\n\t\t<td style=\"background-color: #DDDDDD; text-align: center; \"><b>9a<\/b><\/td>\n\t\t<td style=\"padding-left: 8px;\">majusku\u0142a<\/td>\n\t<\/tr>\n\t<tr>\n\t\t<td style=\"background-color: #DDDDDD; text-align: center; \"><b>9b<\/b><\/td>\n<td style=\"padding-left: 8px;\"> <br>w p\u00f3\u0142otoku g\u00f3rnym:  <b> * URZ\u0104D POCZT <i>(owo)<\/i>. \u2013 TELEKOM <i>(unikacyjny)<\/i>. * <\/b><br> w p\u00f3\u0142otoku dolnym: <b>SZAFARNIA <\/b><br><br><\/td> \n<\/tr>\n\t<tr>\t\n\t\t<td style=\"background-color: #DDDDDD; text-align: center; \"><b>10<\/b><\/td>\n<td style=\"padding-left: 8px;\"> W polu piecz\u0119ci, oddzielonym od pola legendy pojedynczym obrze\u017ceniem ci\u0105g\u0142ym, wizerunek or\u0142a ustalony dla god\u0142a herbu Polskiej Rzeczypospolitej Ludowej w 1955 r. Na zewn\u0105trz, wok\u00f3\u0142 pola legendy, pojedyncze obrze\u017cenie ci\u0105g\u0142e.<\/td><td>\n<\/td><\/tr>\n\t<tr>\n\t\t<td style=\"background-color: #DDDDDD; text-align: center; \"><b>11<\/b><\/td>\n<td style=\"padding-left: 8px;\">&#8211;<\/td>\n\t<\/tr>\n\t<tr>\n\t\t<td style=\"background-color: #DDDDDD; text-align: center; \"><b>12<\/b><\/td>\n<td style=\"padding-left: 8px;\">na odwrocie matrycy numer ewidencyjny 337 061, numer grawera 207, sygnatura wytw\u00f3rcy: m\/\/W, w dywizorach (gwiazdkach) nr 1&#8243;<\/td>\n\t<\/tr>\n<\/tbody><\/table>\n\n\n\n<p> <a rel=\"noreferrer noopener\" href=\"http:\/\/sigillarium.pl\/index.php\/legenda-do-opisu-tloka-pieczetnego\/\" target=\"_blank\">Legenda<\/a><\/p>\n<\/div>\n<\/div>\n\n\n\n<hr class=\"wp-block-separator has-alpha-channel-opacity\"\/>\n\n\n\n<div class=\"wp-block-columns is-layout-flex wp-container-core-columns-is-layout-9d6595d7 wp-block-columns-is-layout-flex\">\n<div class=\"wp-block-column is-layout-flow wp-block-column-is-layout-flow\" style=\"flex-basis:1%\"><\/div>\n\n\n\n<div class=\"wp-block-column is-vertically-aligned-center is-layout-flow wp-block-column-is-layout-flow\" style=\"flex-basis:23%\">\n<figure class=\"wp-block-gallery aligncenter has-nested-images columns-default is-cropped wp-block-gallery-13 is-layout-flex wp-block-gallery-is-layout-flex\">\n<figure class=\"wp-block-image size-full\"><a href=\"https:\/\/sigillarium.pl\/wp-content\/uploads\/2023\/03\/Warszawa-Ministerstwo-Handlu-Zagranicznego-Centrala-Inspekcja-Standaryzacji-pieczec-seal-petschaft-siegel-sceau-sigillarium-1.jpg\"><img loading=\"lazy\" decoding=\"async\" width=\"670\" height=\"676\" data-id=\"24711\" src=\"https:\/\/sigillarium.pl\/wp-content\/uploads\/2023\/03\/Warszawa-Ministerstwo-Handlu-Zagranicznego-Centrala-Inspekcja-Standaryzacji-pieczec-seal-petschaft-siegel-sceau-sigillarium-1.jpg\" alt=\"\" class=\"wp-image-24711\" srcset=\"https:\/\/sigillarium.pl\/wp-content\/uploads\/2023\/03\/Warszawa-Ministerstwo-Handlu-Zagranicznego-Centrala-Inspekcja-Standaryzacji-pieczec-seal-petschaft-siegel-sceau-sigillarium-1.jpg 670w, https:\/\/sigillarium.pl\/wp-content\/uploads\/2023\/03\/Warszawa-Ministerstwo-Handlu-Zagranicznego-Centrala-Inspekcja-Standaryzacji-pieczec-seal-petschaft-siegel-sceau-sigillarium-1-297x300.jpg 297w, https:\/\/sigillarium.pl\/wp-content\/uploads\/2023\/03\/Warszawa-Ministerstwo-Handlu-Zagranicznego-Centrala-Inspekcja-Standaryzacji-pieczec-seal-petschaft-siegel-sceau-sigillarium-1-150x150.jpg 150w\" sizes=\"auto, (max-width: 670px) 100vw, 670px\" \/><\/a><\/figure>\n<\/figure>\n<\/div>\n\n\n\n<div class=\"wp-block-column is-layout-flow wp-block-column-is-layout-flow\" style=\"flex-basis:1%\"><\/div>\n\n\n\n<div class=\"wp-block-column is-vertically-aligned-center is-layout-flow wp-block-column-is-layout-flow\" style=\"flex-basis:21%\"><div class=\"wp-block-image is-style-default\">\n<figure class=\"aligncenter size-full is-resized\"><img loading=\"lazy\" decoding=\"async\" src=\"https:\/\/sigillarium.pl\/wp-content\/uploads\/2023\/03\/Warszawa-Ministerstwo-Handlu-Zagranicznehgo-uchwyt-pieczec-seal-petschaft-siegel-sceau-sigillarium-1.jpg-1.jpg\" alt=\"\" class=\"wp-image-24674\" width=\"175\" height=\"364\" srcset=\"https:\/\/sigillarium.pl\/wp-content\/uploads\/2023\/03\/Warszawa-Ministerstwo-Handlu-Zagranicznehgo-uchwyt-pieczec-seal-petschaft-siegel-sceau-sigillarium-1.jpg-1.jpg 329w, https:\/\/sigillarium.pl\/wp-content\/uploads\/2023\/03\/Warszawa-Ministerstwo-Handlu-Zagranicznehgo-uchwyt-pieczec-seal-petschaft-siegel-sceau-sigillarium-1.jpg-1-144x300.jpg 144w\" sizes=\"auto, (max-width: 175px) 100vw, 175px\" \/><\/figure>\n<\/div><\/div>\n\n\n\n<div class=\"wp-block-column is-layout-flow wp-block-column-is-layout-flow\"><\/div>\n\n\n\n<div class=\"wp-block-column is-layout-flow wp-block-column-is-layout-flow\" style=\"flex-basis:1%\"><\/div>\n\n\n\n<div class=\"wp-block-column is-layout-flow wp-block-column-is-layout-flow\" style=\"flex-basis:49%\">\n<style> td {font-size: 11px; color: black; font-family: Arial;} <\/style>\n<table style=\"width: 500px; height: 150px;\">\n\t<tbody><tr>\n\t\t<td style=\"background-color: #DDDDDD; width:6%; text-align: center; \"><b>1<\/b><\/td>\n\t\t<td style=\"padding-left: 8px;\">kolekcja prywatna<\/td>\n\t<\/tr>\n\t<tr>\n\t\t<td style=\"background-color: #DDDDDD; text-align: center; \"><b>2<\/b><\/td>\n<td style=\"background-color: #FFFF99; white-space: nowrap; padding-left: 8px;\"><b><big><big> <a href=\"https:\/\/pl.wikipedia.org\/wiki\/Warszawa\">WARSZAWA <\/a> <\/big><\/big><br><big>Ministerstwo Handlu Zagranicznego &#8211; Centralny Inspektorat Standaryzacji <\/big><br><\/b><\/td> \n\t<\/tr>\n\t<tr>\n\t\t<td style=\"background-color: #DDDDDD; text-align: center; \"><b>3a<\/b><\/td>\n\t\t<td style=\"padding-left: 8px;\">mosi\u0105dz<\/td>\n\t<\/tr>\n\t<tr>\n\t\t<td style=\"background-color: #DDDDDD; text-align: center; \"><b>3b<\/b><\/td>\n\t\t<td style=\"padding-left: 8px;\">drewno <\/td>\n\t<\/tr>\n\t<tr>\n\t\t<td style=\"background-color: #DDDDDD; text-align: center; \"><b>4<\/b><\/td>\n\t\t<td style=\"padding-left: 8px;\">okr\u0105g\u0142a  \u00d8 30 mm <\/td>\n\t<\/tr>\n\t<tr>\n\t\t<td style=\"background-color: #DDDDDD; text-align: center; \"><b>5<\/b><\/td>\n\t\t<td style=\"padding-left: 8px;\">wkl\u0119skoryty<\/td>\n\t<\/tr>\n\t<tr>\n\t\t<td style=\"background-color: #DDDDDD; text-align: center; \"><b>6<\/b><\/td>\n<td style=\"padding-left: 8px;\">na rancie matrycy numer grawera 9<\/td>\n\t<\/tr>\n<tr>\n\t\t<td style=\"background-color: #DDDDDD; text-align: center; \"><b>7<\/b><\/td>\n<td style=\"padding-left: 8px;\" uchwyt=\"\" toczony=\"\" o=\"\" kulistej=\"\" ga\u0142ce=\"\" <=\"\" td=\"\">\n\t<\/td><\/tr>\n\t<tr>\n\t\t<td style=\"background-color: #DDDDDD; text-align: center; \"><b>7a<\/b><\/td>\n\t\t<td style=\"padding-left: 8px;\"> 92 mm<\/td>\n\t<\/tr>\n\t<tr>\n\t\t<td style=\"background-color: #DDDDDD; text-align: center; \"><b>7b<\/b><\/td>\n<td style=\"padding-left: 8px;\">82 mm, w tym skuwka 8 mm ( \u00d8 16 mm)<\/td>\n\t<\/tr>\n\t<tr>\n\t\t<td style=\"background-color: #DDDDDD; text-align: center; \"><b>7c<\/b><\/td>\n\t\t<td style=\"padding-left: 8px;\"> 10 mm<\/td>\n\t<\/tr>\n\t<tr>\n\t\t<td style=\"background-color: #DDDDDD; text-align: center; \"><b>8<\/b><\/td>\n<td style=\"padding-left: 8px;\">&#8211; <\/td>\n\t<\/tr>\n\t<tr>\n\t\t<td style=\"background-color: #DDDDDD; text-align: center; \"><b>9a<\/b><\/td>\n\t\t<td style=\"padding-left: 8px;\">majusku\u0142a<\/td>\n\t<\/tr>\n\t<tr>\n\t\t<td style=\"background-color: #DDDDDD; text-align: center; \"><b>9b<\/b><\/td>\n<td style=\"padding-left: 8px;\"> w otoku: <b>MIN <i> (isterstwo). <\/i> HANDLU ZAGR <i>(anicznego). <\/i> CENTR <i>(alny). <\/i> INSP <i> (ektorat).<\/i> STANDARYZACJI * \/\/ 25 <br><br><\/b><\/td> \n<\/tr>\n\t<tr>\t\n\t\t<td style=\"background-color: #DDDDDD; text-align: center; \"><b>10<\/b><\/td>\n<td style=\"padding-left: 8px;\"> W polu piecz\u0119ci odzielonym od pola legendy pojedynczym obrze\u017ceniem ci\u0105g\u0142ym, wizerunek or\u0142a ustalony dla god\u0142a herbu Polskiej Rzeczypospolitej Ludowej w 1955 r. Na zewn\u0105trz, wok\u00f3\u0142 pola piecz\u0119ci, pojedyncze obrze\u017cenie ci\u0105g\u0142e.<\/td>\n<\/tr>\n\t<tr>\n\t\t<td style=\"background-color: #DDDDDD; text-align: center; \"><b>11<\/b><\/td>\n<td style=\"padding-left: 8px;\">&#8211;<\/td>\n\t<\/tr>\n\t<tr>\n\t\t<td style=\"background-color: #DDDDDD; text-align: center; \"><b>12<\/b><\/td>\n<td style=\"padding-left: 8px;\"> na odwrocie matrycy numer ewidencyjny 180 908 <br><\/td>\n\t<\/tr>\n<\/tbody><\/table>\n\n\n\n<p style=\"text-transform:capitalize\"> <a rel=\"noreferrer noopener\" href=\"http:\/\/sigillarium.pl\/index.php\/legenda-do-opisu-tloka-pieczetnego\/\" target=\"_blank\">Legenda<\/a><\/p>\n<\/div>\n<\/div>\n\n\n\n<hr class=\"wp-block-separator has-alpha-channel-opacity\"\/>\n\n\n\n<div class=\"wp-block-columns is-layout-flex wp-container-core-columns-is-layout-9d6595d7 wp-block-columns-is-layout-flex\">\n<div class=\"wp-block-column is-layout-flow wp-block-column-is-layout-flow\" style=\"flex-basis:1%\"><\/div>\n\n\n\n<div class=\"wp-block-column is-vertically-aligned-center is-layout-flow wp-block-column-is-layout-flow\" style=\"flex-basis:23%\">\n<figure class=\"wp-block-gallery aligncenter has-nested-images columns-default is-cropped wp-block-gallery-14 is-layout-flex wp-block-gallery-is-layout-flex\">\n<figure class=\"wp-block-image size-large\"><a href=\"https:\/\/sigillarium.pl\/wp-content\/uploads\/2023\/03\/Gubernia-Warszawska.jpg\"><img loading=\"lazy\" decoding=\"async\" width=\"1011\" height=\"1024\" data-id=\"24718\" src=\"https:\/\/sigillarium.pl\/wp-content\/uploads\/2023\/03\/Gubernia-Warszawska-1011x1024.jpg\" alt=\"\" class=\"wp-image-24718\" srcset=\"https:\/\/sigillarium.pl\/wp-content\/uploads\/2023\/03\/Gubernia-Warszawska-1011x1024.jpg 1011w, https:\/\/sigillarium.pl\/wp-content\/uploads\/2023\/03\/Gubernia-Warszawska-296x300.jpg 296w, https:\/\/sigillarium.pl\/wp-content\/uploads\/2023\/03\/Gubernia-Warszawska-768x778.jpg 768w, https:\/\/sigillarium.pl\/wp-content\/uploads\/2023\/03\/Gubernia-Warszawska.jpg 1066w\" sizes=\"auto, (max-width: 1011px) 100vw, 1011px\" \/><\/a><\/figure>\n<\/figure>\n<\/div>\n\n\n\n<div class=\"wp-block-column is-layout-flow wp-block-column-is-layout-flow\" style=\"flex-basis:1%\"><\/div>\n\n\n\n<div class=\"wp-block-column is-vertically-aligned-center is-layout-flow wp-block-column-is-layout-flow\" style=\"flex-basis:23%\"><div class=\"wp-block-image\">\n<figure class=\"aligncenter size-large is-resized\"><img loading=\"lazy\" decoding=\"async\" src=\"https:\/\/sigillarium.pl\/wp-content\/uploads\/2023\/03\/Obraz8-462x1024.jpg\" alt=\"\" class=\"wp-image-24719\" width=\"173\" height=\"382\" srcset=\"https:\/\/sigillarium.pl\/wp-content\/uploads\/2023\/03\/Obraz8-462x1024.jpg 462w, https:\/\/sigillarium.pl\/wp-content\/uploads\/2023\/03\/Obraz8.jpg 508w\" sizes=\"auto, (max-width: 173px) 100vw, 173px\" \/><\/figure>\n<\/div><\/div>\n\n\n\n<div class=\"wp-block-column is-layout-flow wp-block-column-is-layout-flow\" style=\"flex-basis:1%\"><\/div>\n\n\n\n<div class=\"wp-block-column is-layout-flow wp-block-column-is-layout-flow\" style=\"flex-basis:48%\">\n<style> td {font-size: 11px; color: black; font-family: Arial;} <\/style>\n<table style=\"width: 500px; height: 150px;\">\n\t<tbody><tr>\n\t\t<td style=\"background-color: #DDDDDD; width: 6%; text-align: center; \"><b>1<\/b><\/td>\n\t\t<td style=\"padding-left: 8px;\">kolekcja prywatna<\/td>\n\t<\/tr>\n\t<tr>\n\t\t<td style=\"background-color: #DDDDDD; text-align: center; \"><b>2<\/b><\/td>\n<td style=\"background-color: #FFFF99; white-space: nowrap; padding-left: 8px;\"><b><big><big><a href=\" https:\/\/pl.wikipedia.org\/wiki\/Warszawa \">Warszawa <\/a> <\/big><\/big><br><big>Rada Towarzystwa Charytatywnego Guberni Warszawskiej<\/big><\/b><\/td>\n\t<\/tr>\n\t<tr>\n\t\t<td style=\"background-color: #DDDDDD; text-align: center; \"><b>3a<\/b><\/td>\n\t\t<td style=\"padding-left: 8px;\">mosi\u0105dz<\/td>\n\t<\/tr>\n\t<tr>\n\t\t<td style=\"background-color: #DDDDDD; text-align: center; \"><b>3b<\/b><\/td>\n\t\t<td style=\"padding-left: 8px;\">drewno<\/td>\n\t<\/tr>\n\t<tr>\n\t\t<td style=\"background-color: #DDDDDD; text-align: center; \"><b>4<\/b><\/td>\n\t\t<td style=\"padding-left: 8px;\">okr\u0105g\u0142a \u00d8 29 mm<\/td>\n\t<\/tr>\n\t<tr>\n\t\t<td style=\"background-color: #DDDDDD; text-align: center; \"><b>5<\/b><\/td>\n\t\t<td style=\"padding-left: 8px;\">wypuk\u0142oryty<\/td>\n\t<\/tr>\n\t<tr>\n\t\t<td style=\"background-color: #DDDDDD; text-align: center; \"><b>6<\/b><\/td>\n<td style=\"padding-left: 8px;\">na rancie matrycy znacznik prawid\u0142owego ustawienia t\u0142oka<\/td>\n\t<\/tr>\n<tr>\n\t\t<td style=\"background-color: #DDDDDD; text-align: center; \"><b>7<\/b><\/td>\n<td style=\"padding-left: 8px;\">&#8211;<\/td>\n\t<\/tr>\n\t<tr>\n\t\t<td style=\"background-color: #DDDDDD; text-align: center; \"><b>7a<\/b><\/td>\n\t\t<td style=\"padding-left: 8px;\">100 mm<\/td>\n\t<\/tr>\n\t<tr>\n\t\t<td style=\"background-color: #DDDDDD; text-align: center; \"><b>7b<\/b><\/td>\n\t\t<td style=\"padding-left: 8px;\">93 mm, w tym skuwka 14 mm  (\u00d8 15 mm)<\/td>\n\t<\/tr>\n\t<tr>\n\t\t<td style=\"background-color: #DDDDDD; text-align: center; \"><b>7c<\/b><\/td>\n\t\t<td style=\"padding-left: 8px;\">7 mm<\/td>\n\t<\/tr>\n\t<tr>\n\t\t<td style=\"background-color: #DDDDDD; text-align: center; \"><b>8<\/b><\/td>\n<td style=\"padding-left: 8px;\"> &#8211;<\/td>\n\t<\/tr>\n\t<tr>\n\t\t<td style=\"background-color: #DDDDDD; text-align: center; \"><b>9a<\/b><\/td>\n\t\t<td style=\"padding-left: 8px;\">majusku\u0142a<\/td>\n\t<\/tr>\n\t<tr>\n\t\t<td style=\"background-color: #DDDDDD; text-align: center; \"><b>9b<\/b><\/td>\n<td style=\"padding-left: 8px;\"><br> w otoku: <b> \u0412\u0410\u0420\u0428\u0410\u0412 <i>(\u0441\u043a\u0430\u044f)<\/i> \u0413\u0423\u0411\u0415\u0420\u041d <i> (\u0438\u044f) <\/i> \u0421\u041e\u0412\u0415\u0422 \u041e\u0411\u0429\u0415\u0421\u0422\u0412 <i>(\u0430)<\/i> \u041f\u0420\u0418\u0417\u0420\u0415\u041d\u0418\u042f<\/b><br><br><\/td>\n\t<\/tr>\n\t<tr>\n\t\t<td style=\"background-color: #DDDDDD; text-align: center; \"><b>10<\/b><\/td>\n<td style=\"padding-left: 8px;\"> W polu piecz\u0119ci herb guberni warszawskiej \n(wz. 1869 r.) przedstawiaj\u0105cy na tarczy snop zbo\u017ca przeci\u0119ty wp\u00f3\u0142 rzek\u0105. Nad tarcz\u0105 korona cesarska. Po bokach tarczy wieniec z d\u0119bowych li\u015bci przeplatany i przewi\u0105zany u do\u0142u wst\u0119g\u0105 Orderu \u015bw. Andrzeja.  Na zewn\u0105trz, wok\u00f3\u0142 pola piecz\u0119ci, pojedyncze obrze\u017cenie pere\u0142kowe <\/td><\/tr>\n\t<tr>\n\t\t<td style=\"background-color: #DDDDDD; text-align: center; \"><b>11<\/b><\/td>\n<td style=\"padding-left: 8px;\">&#8211;<\/td>\n\t<\/tr>\n\t<tr>\n\t\t<td style=\"background-color: #DDDDDD; text-align: center; \"><b>12<\/b><\/td>\n\t\t<td style=\"padding-left: 8px;\">po 1869 r.<\/td>\n\t<\/tr>\n<\/tbody><\/table>\n\n\n\n<p> <a rel=\"noreferrer noopener\" href=\"http:\/\/sigillarium.pl\/index.php\/legenda-do-opisu-tloka-pieczetnego\/\" target=\"_blank\">Legenda<\/a><\/p>\n<\/div>\n<\/div>\n\n\n\n<hr class=\"wp-block-separator has-alpha-channel-opacity\"\/>\n\n\n\n<div class=\"wp-block-columns is-layout-flex wp-container-core-columns-is-layout-9d6595d7 wp-block-columns-is-layout-flex\">\n<div class=\"wp-block-column is-layout-flow wp-block-column-is-layout-flow\" style=\"flex-basis:1%\"><\/div>\n\n\n\n<div class=\"wp-block-column is-vertically-aligned-center is-layout-flow wp-block-column-is-layout-flow\" style=\"flex-basis:23%\">\n<figure class=\"wp-block-gallery aligncenter has-nested-images columns-default is-cropped wp-block-gallery-15 is-layout-flex wp-block-gallery-is-layout-flex\">\n<figure class=\"wp-block-image size-large\"><a href=\"https:\/\/sigillarium.pl\/wp-content\/uploads\/2023\/03\/Zbuczyn-urzednik-stanu-cywilnego-pieczec-seal-petschaft-siegel-sceau-sigillarium.-1jpg..jpg\"><img loading=\"lazy\" decoding=\"async\" width=\"1024\" height=\"1021\" data-id=\"24709\" src=\"https:\/\/sigillarium.pl\/wp-content\/uploads\/2023\/03\/Zbuczyn-urzednik-stanu-cywilnego-pieczec-seal-petschaft-siegel-sceau-sigillarium.-1jpg.-1024x1021.jpg\" alt=\"\" class=\"wp-image-24709\" srcset=\"https:\/\/sigillarium.pl\/wp-content\/uploads\/2023\/03\/Zbuczyn-urzednik-stanu-cywilnego-pieczec-seal-petschaft-siegel-sceau-sigillarium.-1jpg.-1024x1021.jpg 1024w, https:\/\/sigillarium.pl\/wp-content\/uploads\/2023\/03\/Zbuczyn-urzednik-stanu-cywilnego-pieczec-seal-petschaft-siegel-sceau-sigillarium.-1jpg.-300x300.jpg 300w, https:\/\/sigillarium.pl\/wp-content\/uploads\/2023\/03\/Zbuczyn-urzednik-stanu-cywilnego-pieczec-seal-petschaft-siegel-sceau-sigillarium.-1jpg.-150x150.jpg 150w, https:\/\/sigillarium.pl\/wp-content\/uploads\/2023\/03\/Zbuczyn-urzednik-stanu-cywilnego-pieczec-seal-petschaft-siegel-sceau-sigillarium.-1jpg.-768x766.jpg 768w, https:\/\/sigillarium.pl\/wp-content\/uploads\/2023\/03\/Zbuczyn-urzednik-stanu-cywilnego-pieczec-seal-petschaft-siegel-sceau-sigillarium.-1jpg..jpg 1050w\" sizes=\"auto, (max-width: 1024px) 100vw, 1024px\" \/><\/a><\/figure>\n<\/figure>\n<\/div>\n\n\n\n<div class=\"wp-block-column is-layout-flow wp-block-column-is-layout-flow\" style=\"flex-basis:1%\"><\/div>\n\n\n\n<div class=\"wp-block-column is-vertically-aligned-center is-layout-flow wp-block-column-is-layout-flow\" style=\"flex-basis:23%\"><div class=\"wp-block-image\">\n<figure class=\"aligncenter size-large is-resized\"><img loading=\"lazy\" decoding=\"async\" src=\"https:\/\/sigillarium.pl\/wp-content\/uploads\/2023\/03\/Zbuczyn-urzednik-stanu-cywilnego-uchwyt-pieczec-seal-petschaft-siegel-sceau-sigillarium.jpg-437x1024.jpg\" alt=\"\" class=\"wp-image-24682\" width=\"171\" height=\"399\"\/><\/figure>\n<\/div><\/div>\n\n\n\n<div class=\"wp-block-column is-layout-flow wp-block-column-is-layout-flow\" style=\"flex-basis:1%\"><\/div>\n\n\n\n<div class=\"wp-block-column is-layout-flow wp-block-column-is-layout-flow\" style=\"flex-basis:48%\">\n<style> td {foniatrze: 11px; color: black; font-family: Arial;} <\/style>\n<table style=\"width: 500px; height: 150px;\">\n\t<tbody><tr>\n\t\t<td style=\"background-color: #DDDDDD; width:6%; text-align: center; \"><b>1<\/b><\/td>\n\t\t<td style=\"padding-left: 8px;\">kolekcja prywatna<\/td>\n\t<\/tr>\n\t<tr>\n\t\t<td style=\"background-color: #DDDDDD; text-align: center; \"><b>2<\/b><\/td>\n<td style=\"background-color: #FFFF99; white-space: nowrap; padding-left: 8px;\"><b><big><big><a href=\"https:\/\/pl.wikipedia.org\/wiki\/Zbuczyn\">ZBUCZYN<\/a><\/big><\/big><\/b><br><b><big> Urz\u0119dnik stanu cywilnego<\/big><\/b><\/td>\n\t<\/tr>\n\t<tr>\n\t\t<td style=\"background-color: #DDDDDD; text-align: center; \"><b>3a<\/b><\/td>\n\t\t<td style=\"padding-left: 8px;\">mosi\u0105dz<\/td>\n\t<\/tr>\n\t<tr>\n\t\t<td style=\"background-color: #DDDDDD; text-align: center; \"><b>3b<\/b><\/td>\n\t\t<td style=\"padding-left: 8px;\"> drewno <\/td>\n\t<\/tr>\n\t<tr>\n\t\t<td style=\"background-color: #DDDDDD; text-align: center; \"><b>4<\/b><\/td>\n\t\t<td style=\"padding-left: 8px;\">okr\u0105g\u0142a \u00d8 28 mm<\/td>\n\t<\/tr>\n\t<tr>\n\t\t<td style=\"background-color: #DDDDDD; text-align: center; \"><b>5<\/b><\/td>\n\t\t<td style=\"padding-left: 8px;\">wkl\u0119s\u0142oryty<\/td>\n\t<\/tr>\n\t<tr>\n\t\t<td style=\"background-color: #DDDDDD; text-align: center; \"><b>6<\/b><\/td>\n<td style=\"padding-left: 8px;\">&#8211;<\/td>\n\t<\/tr>\n<tr>\n\t\t<td style=\"background-color: #DDDDDD; text-align: center; \"><b>7<\/b><\/td>\n<td style=\"padding-left: 8px;\">uchwyt toczony o sp\u0142aszczonej ga\u0142ce<\/td>\n\t<\/tr>\n\t<tr>\n\t\t<td style=\"background-color: #DDDDDD; text-align: center; \"><b>7a<\/b><\/td>\n\t\t<td style=\"padding-left: 8px;\">91 mm, <\/td>\n\t<\/tr>\n\t<tr>\n\t\t<td style=\"background-color: #DDDDDD; text-align: center; \"><b>7b<\/b><\/td>\n\t\t<td style=\"padding-left: 8px;\">85 mm, w tym skuwka 10 mm (\u00d8 12 mm)<\/td>\n\t<\/tr>\n\t<tr>\n\t\t<td style=\"background-color: #DDDDDD; text-align: center; \"><b>7c<\/b><\/td>\n\t\t<td style=\"padding-left: 8px;\">6 mm<\/td>\n\t<\/tr>\n\t<tr>\n\t\t<td style=\"background-color: #DDDDDD; text-align: center; \"><b>8<\/b><\/td>\n<td style=\"padding-left: 8px;\">&#8211;<\/td>\n\t<\/tr>\n\t<tr>\n\t\t<td style=\"background-color: #DDDDDD; text-align: center; \"><b>9a<\/b><\/td>\n\t\t<td style=\"padding-left: 8px;\">majusku\u0142a<\/td>\n\t<\/tr>\n\t<tr>\n\t\t<td style=\"background-color: #DDDDDD; text-align: center; \"><b>9b<\/b><\/td>\n<td style=\"padding-left: 8px;\"><br> w p\u00f3\u0142otoku g\u00f3rnym: <b> POW <i>(iat):<\/i> SIEDLECKI <\/b><br>w dw\u00f3ch p\u00f3\u0142otokach dolnych:<b> URZ <i>(\u0119dnik): <\/i> STA <i>(nu):<\/i> CYW<i> (ilnego):<\/i> \/\/ PAR <i>(afii) :<\/i> R <i>(itus) :<\/i> L <i>(atini) :<\/i> ZBUCZYN. <i><\/i><\/b><i><i><br><br><!-- td-->\n\t<\/i><\/i><\/td><\/tr>\n\t<tr>\n\t\t<td style=\"background-color: #DDDDDD; text-align: center; \"><b>10<\/b><\/td>\n<td style=\"padding-left: 8px;\"> W polu piecz\u0119ci  wizerunek dwug\u0142owego or\u0142a ukoronowanego, pod wsp\u00f3ln\u0105 koron\u0105, z ber\u0142em i jab\u0142kiem w szponach. Na jego piersi herb Orze\u0142 Bia\u0142y. Wizerunek ustalony dla herbu (god\u0142a) Kr\u00f3lestwa Polskiego w 1858 .r i u\u017cywany do 1867\/68 r. Na zewn\u0105trz, wok\u00f3\u0142 pola piecz\u0119ci, pojedyncze obrze\u017cenie pere\u0142kowe.<\/td><\/tr>\n\t<tr>\n\t\t<td style=\"background-color: #DDDDDD; text-align: center; \"><b>11<\/b><\/td>\n<td style=\"padding-left: 8px;\">&#8211;  <\/td>\n\t<\/tr>\n\t<tr>\n\t\t<td style=\"background-color: #DDDDDD; text-align: center; \"><b>12<\/b><\/td>\n\t\t<td style=\"padding-left: 8px;\">&#8211;<\/td>\n\t<\/tr>\n<\/tbody><\/table>\n\n\n\n<p> <a rel=\"noreferrer noopener\" href=\"http:\/\/sigillarium.pl\/index.php\/legenda-do-opisu-tloka-pieczetnego\/\" target=\"_blank\">Legenda<\/a><\/p>\n<\/div>\n<\/div>\n\n\n\n<hr class=\"wp-block-separator has-alpha-channel-opacity\"\/>\n\n\n\n<div class=\"wp-block-columns is-layout-flex wp-container-core-columns-is-layout-9d6595d7 wp-block-columns-is-layout-flex\">\n<div class=\"wp-block-column is-layout-flow wp-block-column-is-layout-flow\" style=\"flex-basis:1%\"><\/div>\n\n\n\n<div class=\"wp-block-column is-vertically-aligned-center is-layout-flow wp-block-column-is-layout-flow\" style=\"flex-basis:23%\">\n<figure class=\"wp-block-gallery aligncenter has-nested-images columns-default is-cropped wp-block-gallery-16 is-layout-flex wp-block-gallery-is-layout-flex\">\n<figure class=\"wp-block-image size-large\"><a href=\"https:\/\/sigillarium.pl\/wp-content\/uploads\/2023\/03\/Zosinki-gmina-Dabroszyn-Soltys-pieczec-seal-petschaft-siegel-sceau-cachet-sigillarium.jpg\"><img loading=\"lazy\" decoding=\"async\" width=\"1024\" height=\"497\" data-id=\"24644\" src=\"https:\/\/sigillarium.pl\/wp-content\/uploads\/2023\/03\/Zosinki-gmina-Dabroszyn-Soltys-pieczec-seal-petschaft-siegel-sceau-cachet-sigillarium-1024x497.jpg\" alt=\"\" class=\"wp-image-24644\" srcset=\"https:\/\/sigillarium.pl\/wp-content\/uploads\/2023\/03\/Zosinki-gmina-Dabroszyn-Soltys-pieczec-seal-petschaft-siegel-sceau-cachet-sigillarium-1024x497.jpg 1024w, https:\/\/sigillarium.pl\/wp-content\/uploads\/2023\/03\/Zosinki-gmina-Dabroszyn-Soltys-pieczec-seal-petschaft-siegel-sceau-cachet-sigillarium-300x146.jpg 300w, https:\/\/sigillarium.pl\/wp-content\/uploads\/2023\/03\/Zosinki-gmina-Dabroszyn-Soltys-pieczec-seal-petschaft-siegel-sceau-cachet-sigillarium-768x373.jpg 768w, https:\/\/sigillarium.pl\/wp-content\/uploads\/2023\/03\/Zosinki-gmina-Dabroszyn-Soltys-pieczec-seal-petschaft-siegel-sceau-cachet-sigillarium-1536x746.jpg 1536w, https:\/\/sigillarium.pl\/wp-content\/uploads\/2023\/03\/Zosinki-gmina-Dabroszyn-Soltys-pieczec-seal-petschaft-siegel-sceau-cachet-sigillarium.jpg 1654w\" sizes=\"auto, (max-width: 1024px) 100vw, 1024px\" \/><\/a><\/figure>\n<\/figure>\n<\/div>\n\n\n\n<div class=\"wp-block-column is-layout-flow wp-block-column-is-layout-flow\" style=\"flex-basis:1%\"><\/div>\n\n\n\n<div class=\"wp-block-column is-vertically-aligned-center is-layout-flow wp-block-column-is-layout-flow\" style=\"flex-basis:23%\"><div class=\"wp-block-image\">\n<figure class=\"aligncenter size-full is-resized\"><img loading=\"lazy\" decoding=\"async\" src=\"https:\/\/sigillarium.pl\/wp-content\/uploads\/2023\/03\/Zosinki-gmina-Dabroszyn-Soltys-pieczec-trzpien-seal-petschaft-siegel-sceau-cachet-sigillarium.jpg\" alt=\"\" class=\"wp-image-24645\" width=\"209\" height=\"180\" srcset=\"https:\/\/sigillarium.pl\/wp-content\/uploads\/2023\/03\/Zosinki-gmina-Dabroszyn-Soltys-pieczec-trzpien-seal-petschaft-siegel-sceau-cachet-sigillarium.jpg 859w, https:\/\/sigillarium.pl\/wp-content\/uploads\/2023\/03\/Zosinki-gmina-Dabroszyn-Soltys-pieczec-trzpien-seal-petschaft-siegel-sceau-cachet-sigillarium-300x258.jpg 300w, https:\/\/sigillarium.pl\/wp-content\/uploads\/2023\/03\/Zosinki-gmina-Dabroszyn-Soltys-pieczec-trzpien-seal-petschaft-siegel-sceau-cachet-sigillarium-768x661.jpg 768w\" sizes=\"auto, (max-width: 209px) 100vw, 209px\" \/><\/figure>\n<\/div><\/div>\n\n\n\n<div class=\"wp-block-column is-layout-flow wp-block-column-is-layout-flow\" style=\"flex-basis:1%\"><\/div>\n\n\n\n<div class=\"wp-block-column is-layout-flow wp-block-column-is-layout-flow\" style=\"flex-basis:48%\">\n<style> td {font-size: 11px; color: black; font-family: Arial;} <\/style>\n<table style=\"width: 500px; height: 150px;\">\n\t<tbody><tr>\n\t\t<td style=\"background-color: #DDDDDD; width:6%; text-align: center; \"><b>1<\/b><\/td>\n\t\t<td style=\"padding-left: 8px;\">kolekcja prywatna<\/td>\n\t<\/tr>\n\t<tr>\n\t\t<td style=\"background-color: #DDDDDD; text-align: center; \"><b>2<\/b><\/td>\n<td style=\"background-color: #FFFF99; white-space: nowrap; padding-left: 8px;\"><b><big><big><a href=\" https:\/\/pl.wikipedia.org\/wiki\/Zosinki \"> ZOSINKI <\/a> <\/big><\/big><\/b><br><b><big>So\u0142tys<\/big><\/b><\/td>\n\t<\/tr>\n\t<tr>\n\t\t<td style=\"background-color: #DDDDDD; text-align: center; \"><b>3a<\/b><\/td>\n\t\t<td style=\"padding-left: 8px;\">mosi\u0105dz<\/td>\n\t<\/tr>\n\t<tr>\n\t\t<td style=\"background-color: #DDDDDD; text-align: center; \"><b>3b<\/b><\/td>\n\t\t<td style=\"padding-left: 8px;\">&#8211; <\/td>\n\t<\/tr>\n\t<tr>\n\t\t<td style=\"background-color: #DDDDDD; text-align: center; \"><b>4<\/b><\/td>\n\t\t<td style=\"padding-left: 8px;\">owalna 18 x 39 mm<\/td>\n\t<\/tr>\n\t<tr>\n\t\t<td style=\"background-color: #DDDDDD; text-align: center; \"><b>5<\/b><\/td>\n\t\t<td style=\"padding-left: 8px;\">wypuk\u0142oryty<\/td>\n\t<\/tr>\n\t<tr>\n\t\t<td style=\"background-color: #DDDDDD; text-align: center; \"><b>6<\/b><\/td>\n<td style=\"padding-left: 8px;\">&#8211;<\/td>\n\t<\/tr>\n<tr>\n\t\t<td style=\"background-color: #DDDDDD; text-align: center; \"><b>7<\/b><\/td>\n<td style=\"padding-left: 8px;\">brak uchwytu, trzpie\u0144 do jego zamocowania<\/td>\n\t<\/tr>\n\t<tr>\n\t\t<td style=\"background-color: #DDDDDD; text-align: center; \"><b>7a<\/b><\/td>\n\t\t<td style=\"padding-left: 8px;\">37 mm<\/td>\n\t<\/tr>\n\t<tr>\n\t\t<td style=\"background-color: #DDDDDD; text-align: center; \"><b>7b<\/b><\/td>\n\t\t<td style=\"padding-left: 8px;\">&#8211;<\/td>\n\t<\/tr>\n\t<tr>\n\t\t<td style=\"background-color: #DDDDDD; text-align: center; \"><b>7c<\/b><\/td>\n\t\t<td style=\"padding-left: 8px;\">5 mm<\/td>\n\t<\/tr>\n\t<tr>\n\t\t<td style=\"background-color: #DDDDDD; text-align: center; \"><b>8<\/b><\/td>\n<td style=\"padding-left: 8px;\"> &#8211;<\/td>\n\t<\/tr>\n\t<tr>\n\t\t<td style=\"background-color: #DDDDDD; text-align: center; \"><b>9a<\/b><\/td>\n\t\t<td style=\"padding-left: 8px;\">majusku\u0142a<\/td>\n\t<\/tr>\n\t<tr>\n\t\t<td style=\"background-color: #DDDDDD; text-align: center; \"><b>9b<\/b><\/td>\n<td style=\"padding-left: 8px;\"><br>w p\u00f3\u0142otoku g\u00f3rnym: <b>\u0421\u041e\u0422\u0421\u041a\u0406\u0418<\/b><br>w p\u00f3\u0142otoku dolnym:<b> \u0413\u041c <i>(\u0438\u043d\u044b)<\/i>: \u0414\u041e\u041c\u0411\u0420\u041e\u0428\u0418\u041d\u042a<\/b><br>w polu:<b> \u0421\u0415\u041b\u0415\u041dI\u042f  \u0417\u041e\u0421\u0418\u041d\u041a\u0418<br><br><\/b><\/td>\n\t<\/tr>\n\t<tr>\n\t\t<td style=\"background-color: #DDDDDD; text-align: center; \"><b>10<\/b><\/td>\n<td style=\"padding-left: 8px;\"> W polu piecz\u0119ci nazwa miejscowo\u015bci. Na zewn\u0105trz, wok\u00f3\u0142 pola piecz\u0119ci, pojedyncze obrze\u017cenie ci\u0105g\u0142e.<\/td><\/tr>\n\t<tr>\n\t\t<td style=\"background-color: #DDDDDD; text-align: center; \"><b>11<\/b><\/td>\n<td style=\"padding-left: 8px;\">&#8211;<\/td>\n\t<\/tr>\n\t<tr>\n\t\t<td style=\"background-color: #DDDDDD; text-align: center; \"><b>12<\/b><\/td>\n\t\t<td style=\"padding-left: 8px;\">&#8211;<\/td>\n\t<\/tr>\n<\/tbody><\/table>\n\n\n\n<p> <a rel=\"noreferrer noopener\" href=\"http:\/\/sigillarium.pl\/index.php\/legenda-do-opisu-tloka-pieczetnego\/\" target=\"_blank\">Legenda<\/a><\/p>\n<\/div>\n<\/div>\n\n\n\n<hr class=\"wp-block-separator has-alpha-channel-opacity\"\/>\n\n\n\n<p class=\"has-vivid-red-color has-text-color has-medium-font-size\"><strong>Inne europejskie t\u0142oki piecz\u0119ci<\/strong><\/p>\n\n\n\n<hr class=\"wp-block-separator has-alpha-channel-opacity\"\/>\n\n\n\n<div class=\"wp-block-columns is-layout-flex wp-container-core-columns-is-layout-9d6595d7 wp-block-columns-is-layout-flex\">\n<div class=\"wp-block-column is-layout-flow wp-block-column-is-layout-flow\" style=\"flex-basis:4%\"><\/div>\n\n\n\n<div class=\"wp-block-column is-vertically-aligned-center is-layout-flow wp-block-column-is-layout-flow\" style=\"flex-basis:18%\">\n<figure class=\"wp-block-gallery aligncenter has-nested-images columns-default is-cropped wp-block-gallery-17 is-layout-flex wp-block-gallery-is-layout-flex\">\n<figure class=\"wp-block-image size-full\"><a href=\"https:\/\/sigillarium.pl\/wp-content\/uploads\/2023\/04\/Niemcy-NN-herbowa-1-pieczec-seal-petschaft-siegel-sceau-cachet-sigillarium.jpg\"><img loading=\"lazy\" decoding=\"async\" width=\"825\" height=\"1007\" data-id=\"24766\" src=\"https:\/\/sigillarium.pl\/wp-content\/uploads\/2023\/04\/Niemcy-NN-herbowa-1-pieczec-seal-petschaft-siegel-sceau-cachet-sigillarium.jpg\" alt=\"\" class=\"wp-image-24766\" srcset=\"https:\/\/sigillarium.pl\/wp-content\/uploads\/2023\/04\/Niemcy-NN-herbowa-1-pieczec-seal-petschaft-siegel-sceau-cachet-sigillarium.jpg 825w, https:\/\/sigillarium.pl\/wp-content\/uploads\/2023\/04\/Niemcy-NN-herbowa-1-pieczec-seal-petschaft-siegel-sceau-cachet-sigillarium-246x300.jpg 246w, https:\/\/sigillarium.pl\/wp-content\/uploads\/2023\/04\/Niemcy-NN-herbowa-1-pieczec-seal-petschaft-siegel-sceau-cachet-sigillarium-768x937.jpg 768w\" sizes=\"auto, (max-width: 825px) 100vw, 825px\" \/><\/a><\/figure>\n<\/figure>\n<\/div>\n\n\n\n<div class=\"wp-block-column is-layout-flow wp-block-column-is-layout-flow\" style=\"flex-basis:5%\"><\/div>\n\n\n\n<div class=\"wp-block-column is-vertically-aligned-center is-layout-flow wp-block-column-is-layout-flow\" style=\"flex-basis:18%\"><div class=\"wp-block-image is-style-default\">\n<figure class=\"aligncenter size-full\"><img loading=\"lazy\" decoding=\"async\" width=\"726\" height=\"725\" src=\"https:\/\/sigillarium.pl\/wp-content\/uploads\/2023\/04\/Niemcy-NN-herbowa-1-pieczec-trzpien-seal-petschaft-siegel-sceau-cachet-sigillarium.jpg\" alt=\"\" class=\"wp-image-24767\" srcset=\"https:\/\/sigillarium.pl\/wp-content\/uploads\/2023\/04\/Niemcy-NN-herbowa-1-pieczec-trzpien-seal-petschaft-siegel-sceau-cachet-sigillarium.jpg 726w, https:\/\/sigillarium.pl\/wp-content\/uploads\/2023\/04\/Niemcy-NN-herbowa-1-pieczec-trzpien-seal-petschaft-siegel-sceau-cachet-sigillarium-300x300.jpg 300w, https:\/\/sigillarium.pl\/wp-content\/uploads\/2023\/04\/Niemcy-NN-herbowa-1-pieczec-trzpien-seal-petschaft-siegel-sceau-cachet-sigillarium-150x150.jpg 150w\" sizes=\"auto, (max-width: 726px) 100vw, 726px\" \/><\/figure>\n<\/div><\/div>\n\n\n\n<div class=\"wp-block-column is-layout-flow wp-block-column-is-layout-flow\" style=\"flex-basis:4%\"><\/div>\n\n\n\n<div class=\"wp-block-column is-layout-flow wp-block-column-is-layout-flow\" style=\"flex-basis:48%\">\n<style> td {font-size: 11px; color: black; font-family: Arial;} <\/style>\n<table style=\"width: 500px; height: 150px;\">\n\t<tr>\n\t\t<td style=\"background-color: #DDDDDD; width:6%; text-align: center; \"><b>1<\/b><\/td>\n\t\t<td style=\"padding-left: 8px;\">kolekcja prywatna<\/td>\n\t<\/tr>\n\t<tr>\n\t\t<td style=\"background-color: #DDDDDD; text-align: center; \"><b>2<\/b><\/td>\n<td style=\"background-color: #FFFF99; white-space: nowrap; padding-left: 8px;\"><b><big><big> <a href=\" \"> NIEMCY ?<a> <\/big><\/big><br \/><big> NN<\/big><br \/ ><\/td>\n\t<\/tr>\n\t<tr>\n\t\t<td style=\"background-color: #DDDDDD; text-align: center; \"><b>3a<\/b><\/td>\n\t\t<td style=\"padding-left: 8px;\">mosi\u0105dz<\/td>\n\t<\/tr>\n\t<tr>\n\t\t<td style=\"background-color: #DDDDDD; text-align: center; \"><b>3b<\/b><\/td>\n\t\t<td style=\"padding-left: 8px;\">&#8211;<\/td>\n\t<\/tr>\n\t<tr>\n\t\t<td style=\"background-color: #DDDDDD; text-align: center; \"><b>4<\/b><\/td>\n\t\t<td style=\"padding-left: 8px;\">o\u015bmiok\u0105tna; prostok\u0105t 20 x 17,5 mm, z uszczerbionymi naro\u017cnikami  2 mm<\/td>\n\t<\/tr>\n\t<tr>\n\t\t<td style=\"background-color: #DDDDDD; text-align: center; \"><b>5<\/b><\/td>\n\t\t<td style=\"padding-left: 8px;\">wkl\u0119s\u0142oryty<\/td>\n\t<\/tr>\n\t<tr>\n\t\t<td style=\"background-color: #DDDDDD; text-align: center; \"><b>6<\/b><\/td>\n<td style=\"padding-left: 8px;\">&#8211;<\/td>\n\t<\/tr>\n<tr>\n\t\t<td style=\"background-color: #DDDDDD; text-align: center; \"><b>7<\/b><\/td>\n<td style=\"padding-left: 8px;\">brak uchwytu, trzpie\u0144 do jego zamocowania <\/td>\n\t<\/tr>\n\t<tr>\n\t\t<td style=\"background-color: #DDDDDD; text-align: center; \"><b>7a<\/b><\/td>\n\t\t<td style=\"padding-left: 8px;\"> 20 mm<\/td>\n\t<\/tr>\n\t<tr>\n\t\t<td style=\"background-color: #DDDDDD; text-align: center; \"><b>7b<\/b><\/td>\n<td style=\"padding-left: 8px;\">&#8211; <\/td>\n\t<\/tr>\n\t<tr>\n\t\t<td style=\"background-color: #DDDDDD; text-align: center; \"><b>7c<\/b><\/td>\n\t\t<td style=\"padding-left: 8px;\">4,5 mm-<\/td>\n\t<\/tr>\n\t<tr>\n\t\t<td style=\"background-color: #DDDDDD; text-align: center; \"><b>8<\/b><\/td>\n<td style=\"padding-left: 8px;\">&#8211;<\/td>\n\t<\/tr>\n\t<tr>\n\t\t<td style=\"background-color: #DDDDDD; text-align: center; \"><b>9a<\/b><\/td>\n\t\t<td style=\"padding-left: 8px;\">&#8211;<\/td>\n\t<\/tr>\n\t<tr>\n\t\t<td style=\"background-color: #DDDDDD; text-align: center; \"><b>9b<\/b><\/td>\n<td style=\"padding-left: 8px;\"> &#8211;<\/td> \n<\/tr>\n\t<tr>\t\n\t\t<td style=\"background-color: #DDDDDD; text-align: center; \"><b>10<\/b><\/td>\n<td style=\"padding-left: 8px;\"> W polu piecz\u0119ci, w niebieskim polu tarczy angielskiej z\u0142oty promie\u0144. Tarcza zwie\u0144czona he\u0142mem z orlimi skrzyd\u0142ami. W klejnocie gwiazda z promieniem. Na zewn\u0105trz, wok\u00f3\u0142 pola piecz\u0119ci, pojedyncze obrze\u017cenie ci\u0105g\u0142e.<\/td>\n<\/tr>\n\t<tr>\n\t\t<td style=\"background-color: #DDDDDD; text-align: center; \"><b>11<\/b><\/td>\n<td style=\"padding-left: 8px;\">&#8211;<\/td>\n\t<\/tr>\n\t<tr>\n\t\t<td style=\"background-color: #DDDDDD; text-align: center; \"><b>12<\/b><\/td>\n<td style=\"padding-left: 8px;\">&#8211; <\/td>\n\t<\/tr>\n<\/table>\n\n\n\n<p> <a rel=\"noreferrer noopener\" href=\"http:\/\/sigillarium.pl\/index.php\/legenda-do-opisu-tloka-pieczetnego\/\" target=\"_blank\">Legenda<\/a><\/p>\n<\/div>\n<\/div>\n\n\n\n<hr class=\"wp-block-separator has-alpha-channel-opacity\"\/>\n\n\n\n<div class=\"wp-block-columns is-layout-flex wp-container-core-columns-is-layout-9d6595d7 wp-block-columns-is-layout-flex\">\n<div class=\"wp-block-column is-layout-flow wp-block-column-is-layout-flow\" style=\"flex-basis:4%\"><\/div>\n\n\n\n<div class=\"wp-block-column is-vertically-aligned-center is-layout-flow wp-block-column-is-layout-flow\" style=\"flex-basis:18%\">\n<figure class=\"wp-block-gallery aligncenter has-nested-images columns-default is-cropped wp-block-gallery-18 is-layout-flex wp-block-gallery-is-layout-flex\">\n<figure class=\"wp-block-image size-large\"><a href=\"https:\/\/sigillarium.pl\/wp-content\/uploads\/2023\/04\/Niemcy-pieczec-herbowa-skos-z-trzema-liliami-seal-petschaft-siegel-sceau-cachet-sigillarium.jpg\"><img loading=\"lazy\" decoding=\"async\" width=\"819\" height=\"1024\" data-id=\"24804\" src=\"https:\/\/sigillarium.pl\/wp-content\/uploads\/2023\/04\/Niemcy-pieczec-herbowa-skos-z-trzema-liliami-seal-petschaft-siegel-sceau-cachet-sigillarium-819x1024.jpg\" alt=\"\" class=\"wp-image-24804\" srcset=\"https:\/\/sigillarium.pl\/wp-content\/uploads\/2023\/04\/Niemcy-pieczec-herbowa-skos-z-trzema-liliami-seal-petschaft-siegel-sceau-cachet-sigillarium-819x1024.jpg 819w, https:\/\/sigillarium.pl\/wp-content\/uploads\/2023\/04\/Niemcy-pieczec-herbowa-skos-z-trzema-liliami-seal-petschaft-siegel-sceau-cachet-sigillarium-240x300.jpg 240w, https:\/\/sigillarium.pl\/wp-content\/uploads\/2023\/04\/Niemcy-pieczec-herbowa-skos-z-trzema-liliami-seal-petschaft-siegel-sceau-cachet-sigillarium-768x960.jpg 768w, https:\/\/sigillarium.pl\/wp-content\/uploads\/2023\/04\/Niemcy-pieczec-herbowa-skos-z-trzema-liliami-seal-petschaft-siegel-sceau-cachet-sigillarium.jpg 828w\" sizes=\"auto, (max-width: 819px) 100vw, 819px\" \/><\/a><\/figure>\n<\/figure>\n<\/div>\n\n\n\n<div class=\"wp-block-column is-layout-flow wp-block-column-is-layout-flow\" style=\"flex-basis:5%\"><\/div>\n\n\n\n<div class=\"wp-block-column is-vertically-aligned-center is-layout-flow wp-block-column-is-layout-flow\" style=\"flex-basis:18%\"><div class=\"wp-block-image is-style-default\">\n<figure class=\"aligncenter size-full is-resized\"><img loading=\"lazy\" decoding=\"async\" src=\"https:\/\/sigillarium.pl\/wp-content\/uploads\/2023\/04\/Niemcy-pieczec-herbowa-pas-z-trzema-liliami-trzpien-seal-petschaft-siegel-sceau-cachet-sigillarium.jpg\" alt=\"\" class=\"wp-image-24798\" width=\"186\" height=\"202\" srcset=\"https:\/\/sigillarium.pl\/wp-content\/uploads\/2023\/04\/Niemcy-pieczec-herbowa-pas-z-trzema-liliami-trzpien-seal-petschaft-siegel-sceau-cachet-sigillarium.jpg 721w, https:\/\/sigillarium.pl\/wp-content\/uploads\/2023\/04\/Niemcy-pieczec-herbowa-pas-z-trzema-liliami-trzpien-seal-petschaft-siegel-sceau-cachet-sigillarium-276x300.jpg 276w\" sizes=\"auto, (max-width: 186px) 100vw, 186px\" \/><\/figure>\n<\/div><\/div>\n\n\n\n<div class=\"wp-block-column is-layout-flow wp-block-column-is-layout-flow\" style=\"flex-basis:4%\"><\/div>\n\n\n\n<div class=\"wp-block-column is-layout-flow wp-block-column-is-layout-flow\" style=\"flex-basis:48%\">\n<style> td {font-size: 11px; color: black; font-family: Arial;} <\/style>\n<table style=\"width: 500px; height: 150px;\">\n\t<tr>\n\t\t<td style=\"background-color: #DDDDDD; width:6%; text-align: center; \"><b>1<\/b><\/td>\n\t\t<td style=\"padding-left: 8px;\">kolekcja prywatna<\/td>\n\t<\/tr>\n\t<tr>\n\t\t<td style=\"background-color: #DDDDDD; text-align: center; \"><b>2<\/b><\/td>\n<td style=\"background-color: #FFFF99; white-space: nowrap; padding-left: 8px;\"><b><big><big> <a href=\" https:\/\/pl.wikipedia.org\/wiki\/Niemcy \"> NIEMCY ?<a> <\/big><\/big><br \/><big> NN<\/big><br \/ ><\/td>\n\t<\/tr>\n\t<tr>\n\t\t<td style=\"background-color: #DDDDDD; text-align: center; \"><b>3a<\/b><\/td>\n\t\t<td style=\"padding-left: 8px;\">stal<\/td>\n\t<\/tr>\n\t<tr>\n\t\t<td style=\"background-color: #DDDDDD; text-align: center; \"><b>3b<\/b><\/td>\n\t\t<td style=\"padding-left: 8px;\">&#8211;<\/td>\n\t<\/tr>\n\t<tr>\n\t\t<td style=\"background-color: #DDDDDD; text-align: center; \"><b>4<\/b><\/td>\n\t\t<td style=\"padding-left: 8px;\">owalna 27 x 22 mm<\/td>\n\t<\/tr>\n\t<tr>\n\t\t<td style=\"background-color: #DDDDDD; text-align: center; \"><b>5<\/b><\/td>\n\t\t<td style=\"padding-left: 8px;\">wkl\u0119s\u0142oryty<\/td>\n\t<\/tr>\n\t<tr>\n\t\t<td style=\"background-color: #DDDDDD; text-align: center; \"><b>6<\/b><\/td>\n<td style=\"padding-left: 8px;\">&#8211;<\/td>\n\t<\/tr>\n<tr>\n\t\t<td style=\"background-color: #DDDDDD; text-align: center; \"><b>7<\/b><\/td>\n<td style=\"padding-left: 8px;\">brak uchwytu, trzpie\u0144 do jego zamocowania <\/td>\n\t<\/tr>\n\t<tr>\n\t\t<td style=\"background-color: #DDDDDD; text-align: center; \"><b>7a<\/b><\/td>\n\t\t<td style=\"padding-left: 8px;\"> 28 mm<\/td>\n\t<\/tr>\n\t<tr>\n\t\t<td style=\"background-color: #DDDDDD; text-align: center; \"><b>7b<\/b><\/td>\n<td style=\"padding-left: 8px;\">&#8211; <\/td>\n\t<\/tr>\n\t<tr>\n\t\t<td style=\"background-color: #DDDDDD; text-align: center; \"><b>7c<\/b><\/td>\n\t\t<td style=\"padding-left: 8px;\">3,5 mm<\/td>\n\t<\/tr>\n\t<tr>\n\t\t<td style=\"background-color: #DDDDDD; text-align: center; \"><b>8<\/b><\/td>\n<td style=\"padding-left: 8px;\">&#8211;<\/td>\n\t<\/tr>\n\t<tr>\n\t\t<td style=\"background-color: #DDDDDD; text-align: center; \"><b>9a<\/b><\/td>\n\t\t<td style=\"padding-left: 8px;\">&#8211;<\/td>\n\t<\/tr>\n\t<tr>\n\t\t<td style=\"background-color: #DDDDDD; text-align: center; \"><b>9b<\/b><\/td>\n<td style=\"padding-left: 8px;\"> &#8211;<\/td> \n<\/tr>\n\t<tr>\t\n\t\t<td style=\"background-color: #DDDDDD; text-align: center; \"><b>10<\/b><\/td>\n<td style=\"padding-left: 8px;\"> W polu piecz\u0119ci, na tarczy szwajcarskiej, na skosie trzy lilie. Tarcza zwie\u0144czona he\u0142mem z labrami. W klejnocie, pomi\u0119dzy dwiema tr\u0105bami wylotami w prawo i w lewo, lew en face trzymaj\u0105cy w rozpostartych \u0142apach dwie lilie. Na zewn\u0105trz, wok\u00f3\u0142 pola piecz\u0119ci, pojedyncze obrze\u017cenie ci\u0105g\u0142e.<\/td>\n<\/tr>\n\t<tr>\n\t\t<td style=\"background-color: #DDDDDD; text-align: center; \"><b>11<\/b><\/td>\n<td style=\"padding-left: 8px;\">&#8211;<\/td>\n\t<\/tr>\n\t<tr>\n\t\t<td style=\"background-color: #DDDDDD; text-align: center; \"><b>12<\/b><\/td>\n<td style=\"padding-left: 8px;\">&#8211; <\/td>\n\t<\/tr>\n<\/table>\n\n\n\n<p> <a rel=\"noreferrer noopener\" href=\"http:\/\/sigillarium.pl\/index.php\/legenda-do-opisu-tloka-pieczetnego\/\" target=\"_blank\">Legenda<\/a><\/p>\n<\/div>\n<\/div>\n\n\n\n<hr class=\"wp-block-separator has-alpha-channel-opacity\"\/>\n\n\n\n<div class=\"wp-block-columns is-layout-flex wp-container-core-columns-is-layout-9d6595d7 wp-block-columns-is-layout-flex\">\n<div class=\"wp-block-column is-layout-flow wp-block-column-is-layout-flow\" style=\"flex-basis:1%\"><\/div>\n\n\n\n<div class=\"wp-block-column is-vertically-aligned-center is-layout-flow wp-block-column-is-layout-flow\" style=\"flex-basis:23%\">\n<figure class=\"wp-block-gallery aligncenter has-nested-images columns-default is-cropped wp-block-gallery-19 is-layout-flex wp-block-gallery-is-layout-flex\">\n<figure class=\"wp-block-image size-large\"><a href=\"https:\/\/sigillarium.pl\/wp-content\/uploads\/2023\/04\/Boulogne-sur-mer-Napoleon-Legia-Honorowa-pieczec-seal-petschaft-siegel-sceau-cachet-sigillarium.jpg\"><img loading=\"lazy\" decoding=\"async\" width=\"1024\" height=\"1024\" data-id=\"24791\" src=\"https:\/\/sigillarium.pl\/wp-content\/uploads\/2023\/04\/Boulogne-sur-mer-Napoleon-Legia-Honorowa-pieczec-seal-petschaft-siegel-sceau-cachet-sigillarium-1024x1024.jpg\" alt=\"\" class=\"wp-image-24791\" srcset=\"https:\/\/sigillarium.pl\/wp-content\/uploads\/2023\/04\/Boulogne-sur-mer-Napoleon-Legia-Honorowa-pieczec-seal-petschaft-siegel-sceau-cachet-sigillarium-1024x1024.jpg 1024w, https:\/\/sigillarium.pl\/wp-content\/uploads\/2023\/04\/Boulogne-sur-mer-Napoleon-Legia-Honorowa-pieczec-seal-petschaft-siegel-sceau-cachet-sigillarium-300x300.jpg 300w, https:\/\/sigillarium.pl\/wp-content\/uploads\/2023\/04\/Boulogne-sur-mer-Napoleon-Legia-Honorowa-pieczec-seal-petschaft-siegel-sceau-cachet-sigillarium-150x150.jpg 150w, https:\/\/sigillarium.pl\/wp-content\/uploads\/2023\/04\/Boulogne-sur-mer-Napoleon-Legia-Honorowa-pieczec-seal-petschaft-siegel-sceau-cachet-sigillarium-768x767.jpg 768w, https:\/\/sigillarium.pl\/wp-content\/uploads\/2023\/04\/Boulogne-sur-mer-Napoleon-Legia-Honorowa-pieczec-seal-petschaft-siegel-sceau-cachet-sigillarium.jpg 1052w\" sizes=\"auto, (max-width: 1024px) 100vw, 1024px\" \/><\/a><\/figure>\n<\/figure>\n<\/div>\n\n\n\n<div class=\"wp-block-column is-layout-flow wp-block-column-is-layout-flow\" style=\"flex-basis:1%\"><\/div>\n\n\n\n<div class=\"wp-block-column is-vertically-aligned-center is-layout-flow wp-block-column-is-layout-flow\" style=\"flex-basis:23%\"><div class=\"wp-block-image\">\n<figure class=\"aligncenter size-full\"><img loading=\"lazy\" decoding=\"async\" width=\"776\" height=\"773\" src=\"https:\/\/sigillarium.pl\/wp-content\/uploads\/2023\/04\/Boulogne-sur-mer-Napoleon-Legia-Honorowa-pieczec-rewers-seal-petschaft-siegel-sceau-cachet-sigillarium.jpg\" alt=\"\" class=\"wp-image-24793\" srcset=\"https:\/\/sigillarium.pl\/wp-content\/uploads\/2023\/04\/Boulogne-sur-mer-Napoleon-Legia-Honorowa-pieczec-rewers-seal-petschaft-siegel-sceau-cachet-sigillarium.jpg 776w, https:\/\/sigillarium.pl\/wp-content\/uploads\/2023\/04\/Boulogne-sur-mer-Napoleon-Legia-Honorowa-pieczec-rewers-seal-petschaft-siegel-sceau-cachet-sigillarium-300x300.jpg 300w, https:\/\/sigillarium.pl\/wp-content\/uploads\/2023\/04\/Boulogne-sur-mer-Napoleon-Legia-Honorowa-pieczec-rewers-seal-petschaft-siegel-sceau-cachet-sigillarium-150x150.jpg 150w, https:\/\/sigillarium.pl\/wp-content\/uploads\/2023\/04\/Boulogne-sur-mer-Napoleon-Legia-Honorowa-pieczec-rewers-seal-petschaft-siegel-sceau-cachet-sigillarium-768x765.jpg 768w\" sizes=\"auto, (max-width: 776px) 100vw, 776px\" \/><\/figure>\n<\/div><\/div>\n\n\n\n<div class=\"wp-block-column is-layout-flow wp-block-column-is-layout-flow\" style=\"flex-basis:1%\"><\/div>\n\n\n\n<div class=\"wp-block-column is-layout-flow wp-block-column-is-layout-flow\" style=\"flex-basis:48%\">\n<style> td {font-size: 11px; color: black; font-family: Arial;} <\/style>\n<table style=\"width: 500px; height: 150px;\">\n\t<tr>\n\t\t<td style=\"background-color: #DDDDDD; width:6%; text-align: center; \"><b>1<\/b><\/td>\n\t\t<td style=\"padding-left: 8px;\">kolekcja prywatna<\/td>\n\t<\/tr>\n\t<tr>\n\t\t<td style=\"background-color: #DDDDDD; text-align: center; \"><b>2<\/b><\/td>\n<td style=\"background-color: #FFFF99; white-space: nowrap; padding-left: 8px;\"><b><big><big> <a href=\" https:\/\/pl.wikipedia.org\/wiki\/Francja\"> BOULOGNE-SUR-MER [FRANCJA]<a> <\/big><\/big><br \/><big> NN<\/big><br \/ ><\/td>\n\t<\/tr>\n\t<tr>\n\t\t<td style=\"background-color: #DDDDDD; text-align: center; \"><b>3a<\/b><\/td>\n\t\t<td style=\"padding-left: 8px;\">mosi\u0105dz<\/td>\n\t<\/tr>\n\t<tr>\n\t\t<td style=\"background-color: #DDDDDD; text-align: center; \"><b>3b<\/b><\/td>\n\t\t<td style=\"padding-left: 8px;\">&#8211;<\/td>\n\t<\/tr>\n\t<tr>\n\t\t<td style=\"background-color: #DDDDDD; text-align: center; \"><b>4<\/b><\/td>\n\t\t<td style=\"padding-left: 8px;\">okr\u0105g\u0142a \u00d8 43 mm<\/td>\n\t<\/tr>\n\t<tr>\n\t\t<td style=\"background-color: #DDDDDD; text-align: center; \"><b>5<\/b><\/td>\n\t\t<td style=\"padding-left: 8px;\">wkl\u0119s\u0142oryty<\/td>\n\t<\/tr>\n\t<tr>\n\t\t<td style=\"background-color: #DDDDDD; text-align: center; \"><b>6<\/b><\/td>\n<td style=\"padding-left: 8px;\">&#8211;<\/td>\n\t<\/tr>\n<tr>\n\t\t<td style=\"background-color: #DDDDDD; text-align: center; \"><b>7<\/b><\/td>\n<td style=\"padding-left: 8px;\">brak uchwytu <\/td>\n\t<\/tr>\n\t<tr>\n\t\t<td style=\"background-color: #DDDDDD; text-align: center; \"><b>7a<\/b><\/td>\n\t\t<td style=\"padding-left: 8px;\"> 6 mm<\/td>\n\t<\/tr>\n\t<tr>\n\t\t<td style=\"background-color: #DDDDDD; text-align: center; \"><b>7b<\/b><\/td>\n<td style=\"padding-left: 8px;\">&#8211; <\/td>\n\t<\/tr>\n\t<tr>\n\t\t<td style=\"background-color: #DDDDDD; text-align: center; \"><b>7c<\/b><\/td>\n\t\t<td style=\"padding-left: 8px;\"> 6 mm<\/td>\n\t<\/tr>\n\t<tr>\n\t\t<td style=\"background-color: #DDDDDD; text-align: center; \"><b>8<\/b><\/td>\n<td style=\"padding-left: 8px;\">&#8211;<\/td>\n\t<\/tr>\n\t<tr>\n\t\t<td style=\"background-color: #DDDDDD; text-align: center; \"><b>9a<\/b><\/td>\n\t\t<td style=\"padding-left: 8px;\">majusku\u0142a<\/td>\n\t<\/tr>\n\t<tr>\n\t\t<td style=\"background-color: #DDDDDD; text-align: center; \"><b>9b<\/b><\/td>\n<td style=\"padding-left: 8px;\"> <br \/>w otoku:  <b>  HONNEUR L\u00c9GIONAIRE AUX BRAVES DE L\u2019ARM\u00c9E <\/b><br \/> pod belk\u0105: <b> A BOULOGNELEXXVIIITHER <i>(midor)<\/i>.ANXIII \/\/ XVI AOUT MDCCCIV<\/b><br \/><br \/><\/td> \n<\/tr>\n\t<tr>\t\n\t\t<td style=\"background-color: #DDDDDD; text-align: center; \"><b>10<\/b><\/td>\n<td style=\"padding-left: 8px;\"> W polu piecz\u0119ci na belce postument z wie\u0144cami laurowymi w g\u00f3rnych naro\u017cnikach. Na postumencie, na tronie empire posta\u0107 Napoleona z profilu w wie\u0144cu laurowym na g\u0142owie, wr\u0119czaj\u0105ca odznaczenie legioni\u015bcie. Za tronem stoj\u0105ce dwie m\u0119skie postacie, jedna w pow\u0142\u00f3czystych szatach, trzymaj\u0105ca tac\u0119 z odznaczeniami, druga w mundurze. Za legionist\u0105 trzy postacie \u017co\u0142nierzy; dragon trzymaj\u0105cy or\u0142a legionowego, kirasjer i huzar. Pod belk\u0105 napis. Na zewn\u0105trz, wok\u00f3\u0142 pola piecz\u0119ci, pojedyncze obrze\u017cenie ci\u0105g\u0142e.<\/td>\n<\/tr>\n\t<tr>\n\t\t<td style=\"background-color: #DDDDDD; text-align: center; \"><b>11<\/b><\/td>\n<td style=\"padding-left: 8px;\">&#8211;<\/td>\n\t<\/tr>\n\t<tr>\n\t\t<td style=\"background-color: #DDDDDD; text-align: center; \"><b>12<\/b><\/td>\n<td style=\"padding-left: 8px;\"> Zapis &#8222;Honneur L\u00e9gionaire aux Braves de l&#8217;Arm\u00e9e A Boulogne le XXVIII Thermidor an XIII XVI Aout MDCCCIV&#8221; w t\u0142umaczeniu brzmi \u201cWyr\u00f3\u017cnenie Legi\u0105 Honorow\u0105 dzielnych \u017co\u0142nierzy Armii w Boulogne, 28 Thermidora roku XIII, 16 sierpnia 1804 roku&#8221;. W tym dniu Napoleon (jako konsul) w obecno\u015bci marsza\u0142k\u00f3w oraz dygnitarzy francuskich odznaczy\u0142 krzy\u017cem Legii Honorowej wszystkich tych, kt\u00f3rzy szczeg\u00f3lnie si\u0119 zas\u0142u\u017cyli we wszystkich dotychczasowych kampaniach. Napoleon w stosunku do armii francuskiej u\u017cy\u0142 s\u0142\u00f3w Wielka Armia, a dodatkowo ustanowi\u0142, \u017ce god\u0142em wojska francuskiego zostanie orze\u0142.<\/td>\n\t<\/tr>\n<\/table>\n\n\n\n<p> <a rel=\"noreferrer noopener\" href=\"http:\/\/sigillarium.pl\/index.php\/legenda-do-opisu-tloka-pieczetnego\/\" target=\"_blank\">Legenda<\/a><\/p>\n<\/div>\n<\/div>\n\n\n\n<hr class=\"wp-block-separator has-alpha-channel-opacity\"\/>\n\n\n\n<p><\/p>\n","protected":false},"excerpt":{"rendered":"<p>&nbsp;&nbsp;&nbsp;&nbsp;W marcu 2023 do galerii Sigillarium.pl pozyskano zdj\u0119cia dziewi\u0119tnastu t\u0142ok\u00f3w piecz\u0119ci i stempli. W\u015br\u00f3d nich na uwag\u0119 zas\u0142uguje typariusz osobisty nale\u017c\u0105cy do Stanis\u0142awa Aleksandra Ma\u0142achwskiego (1770-1849), hrabiego, genera\u0142a brygady Ksi\u0119stwa&hellip; <\/p>\n","protected":false},"author":1,"featured_media":24822,"comment_status":"closed","ping_status":"closed","sticky":false,"template":"","format":"standard","meta":{"footnotes":""},"categories":[46],"tags":[58,63],"class_list":["post-24642","post","type-post","status-publish","format-standard","has-post-thumbnail","hentry","category-galeria-zbiory-prywatne","tag-pieczecie","tag-sigillography"],"_links":{"self":[{"href":"https:\/\/sigillarium.pl\/index.php\/wp-json\/wp\/v2\/posts\/24642","targetHints":{"allow":["GET"]}}],"collection":[{"href":"https:\/\/sigillarium.pl\/index.php\/wp-json\/wp\/v2\/posts"}],"about":[{"href":"https:\/\/sigillarium.pl\/index.php\/wp-json\/wp\/v2\/types\/post"}],"author":[{"embeddable":true,"href":"https:\/\/sigillarium.pl\/index.php\/wp-json\/wp\/v2\/users\/1"}],"replies":[{"embeddable":true,"href":"https:\/\/sigillarium.pl\/index.php\/wp-json\/wp\/v2\/comments?post=24642"}],"version-history":[{"count":82,"href":"https:\/\/sigillarium.pl\/index.php\/wp-json\/wp\/v2\/posts\/24642\/revisions"}],"predecessor-version":[{"id":25174,"href":"https:\/\/sigillarium.pl\/index.php\/wp-json\/wp\/v2\/posts\/24642\/revisions\/25174"}],"wp:featuredmedia":[{"embeddable":true,"href":"https:\/\/sigillarium.pl\/index.php\/wp-json\/wp\/v2\/media\/24822"}],"wp:attachment":[{"href":"https:\/\/sigillarium.pl\/index.php\/wp-json\/wp\/v2\/media?parent=24642"}],"wp:term":[{"taxonomy":"category","embeddable":true,"href":"https:\/\/sigillarium.pl\/index.php\/wp-json\/wp\/v2\/categories?post=24642"},{"taxonomy":"post_tag","embeddable":true,"href":"https:\/\/sigillarium.pl\/index.php\/wp-json\/wp\/v2\/tags?post=24642"}],"curies":[{"name":"wp","href":"https:\/\/api.w.org\/{rel}","templated":true}]}}