{"id":24953,"date":"2023-04-26T18:46:39","date_gmt":"2023-04-26T16:46:39","guid":{"rendered":"https:\/\/sigillarium.pl\/?p=24953"},"modified":"2023-04-26T20:09:43","modified_gmt":"2023-04-26T18:09:43","slug":"zaproszenie-xiv-wieczne-pieczecie-mieszczan-wroclawskich","status":"publish","type":"post","link":"https:\/\/sigillarium.pl\/index.php\/2023\/04\/26\/zaproszenie-xiv-wieczne-pieczecie-mieszczan-wroclawskich\/","title":{"rendered":"Zaproszenie \/ XIV-wieczne piecz\u0119cie mieszczan wroc\u0142awskich"},"content":{"rendered":"\n<hr class=\"wp-block-separator has-alpha-channel-opacity\"\/>\n\n\n\n<div style=\"height:31px\" aria-hidden=\"true\" class=\"wp-block-spacer\"><\/div>\n\n\n\n<div class=\"wp-block-columns is-layout-flex wp-container-core-columns-is-layout-9d6595d7 wp-block-columns-is-layout-flex\">\n<div class=\"wp-block-column is-layout-flow wp-block-column-is-layout-flow\" style=\"flex-basis:35%\"><\/div>\n\n\n\n<div class=\"wp-block-column is-layout-flow wp-block-column-is-layout-flow\"><div class=\"wp-block-image\">\n<figure class=\"aligncenter size-full\"><img loading=\"lazy\" decoding=\"async\" width=\"258\" height=\"253\" src=\"https:\/\/sigillarium.pl\/wp-content\/uploads\/2022\/03\/Polskie-Towarzystwo-Heraldyczne.png\" alt=\"\" class=\"wp-image-19971\"\/><\/figure>\n<\/div><\/div>\n\n\n\n<div class=\"wp-block-column is-layout-flow wp-block-column-is-layout-flow\" style=\"flex-basis:35%\"><\/div>\n<\/div>\n\n\n\n<p class=\"has-text-align-center\"><strong><big><big><big>POLSKIE TOWARZYSTWO HERALDYCZNE<\/strong><br><strong>ODDZIA\u0141 W POZNANIU<\/big><\/big><\/big><\/strong><\/p>\n\n\n\n<p class=\"has-text-align-center\"><br><strong>zaprasza<\/strong><br><br><strong>na zebranie naukowe Oddzia\u0142u, kt\u00f3re odb\u0119dzie si\u0119 27 IV 2023 roku (czwartek) o godz. 16.00 <\/strong><br><strong>na Wydziale Historii UAM \u2013 ul. Uniwersytetu Pozna\u0144skiego 7 (<em>Collegium Historicum<\/em>), <\/strong><br><strong>sala 3.132 (II pi\u0119tro). Podczas zebrania<\/strong><br><br><big><big><b><b> <\/b><\/b><\/big><\/big><br><big><big><b><b>LIC. JAGNA RITA SOBEL <\/b><\/b><\/big><\/big><\/p>\n\n\n\n<p class=\"has-text-align-center\"><strong>(Instytut Historii Uniwersytetu Wroc\u0142awskiego)<br><\/strong><br><br><strong>wyg\u0142osi referat pt.<\/strong><br><br><\/p>\n\n\n\n<p class=\"has-text-align-center has-vivid-red-color has-text-color\"><strong><big><big><big>XIV-WIECZNE PIECZ\u0118CIE MIESZCZAN WROC\u0141AWSKICH<\/big><\/big><\/big><\/strong><strong><big><big><big>  <br> <\/big><\/big><\/big><\/strong><br><br><\/p>\n\n\n\n<div style=\"height:20px\" aria-hidden=\"true\" class=\"wp-block-spacer\"><\/div>\n\n\n\n<div class=\"wp-block-columns is-layout-flex wp-container-core-columns-is-layout-9d6595d7 wp-block-columns-is-layout-flex\">\n<div class=\"wp-block-column is-layout-flow wp-block-column-is-layout-flow\" style=\"flex-basis:5%\"><\/div>\n\n\n\n<div class=\"wp-block-column is-layout-flow wp-block-column-is-layout-flow\"><div class=\"wp-block-image\">\n<figure class=\"aligncenter size-full\"><img loading=\"lazy\" decoding=\"async\" width=\"379\" height=\"376\" src=\"https:\/\/sigillarium.pl\/wp-content\/uploads\/2023\/04\/Jagna-Rita-Sobel-Wyklad-27.04.2023-XIV-wieczne-pieczecie-mieszczan-wroclawskich.jpg\" alt=\"\" class=\"wp-image-24956\" srcset=\"https:\/\/sigillarium.pl\/wp-content\/uploads\/2023\/04\/Jagna-Rita-Sobel-Wyklad-27.04.2023-XIV-wieczne-pieczecie-mieszczan-wroclawskich.jpg 379w, https:\/\/sigillarium.pl\/wp-content\/uploads\/2023\/04\/Jagna-Rita-Sobel-Wyklad-27.04.2023-XIV-wieczne-pieczecie-mieszczan-wroclawskich-300x298.jpg 300w, https:\/\/sigillarium.pl\/wp-content\/uploads\/2023\/04\/Jagna-Rita-Sobel-Wyklad-27.04.2023-XIV-wieczne-pieczecie-mieszczan-wroclawskich-150x150.jpg 150w\" sizes=\"auto, (max-width: 379px) 100vw, 379px\" \/><\/figure>\n<\/div><\/div>\n\n\n\n<div class=\"wp-block-column is-layout-flow wp-block-column-is-layout-flow\" style=\"flex-basis:5%\"><\/div>\n<\/div>\n\n\n\n<div style=\"height:36px\" aria-hidden=\"true\" class=\"wp-block-spacer\"><\/div>\n\n\n\n<hr class=\"wp-block-separator has-css-opacity\"\/>\n","protected":false},"excerpt":{"rendered":"<p>POLSKIE TOWARZYSTWO HERALDYCZNEODDZIA\u0141 W POZNANIU zaprasza na zebranie naukowe Oddzia\u0142u, kt\u00f3re odb\u0119dzie si\u0119 27 IV 2023 roku (czwartek) o godz. 16.00 na Wydziale Historii UAM \u2013 ul. Uniwersytetu Pozna\u0144skiego 7&hellip; <\/p>\n","protected":false},"author":1,"featured_media":24958,"comment_status":"closed","ping_status":"closed","sticky":false,"template":"","format":"standard","meta":{"footnotes":""},"categories":[22],"tags":[],"class_list":["post-24953","post","type-post","status-publish","format-standard","has-post-thumbnail","hentry","category-wyklady-i-referaty"],"_links":{"self":[{"href":"https:\/\/sigillarium.pl\/index.php\/wp-json\/wp\/v2\/posts\/24953","targetHints":{"allow":["GET"]}}],"collection":[{"href":"https:\/\/sigillarium.pl\/index.php\/wp-json\/wp\/v2\/posts"}],"about":[{"href":"https:\/\/sigillarium.pl\/index.php\/wp-json\/wp\/v2\/types\/post"}],"author":[{"embeddable":true,"href":"https:\/\/sigillarium.pl\/index.php\/wp-json\/wp\/v2\/users\/1"}],"replies":[{"embeddable":true,"href":"https:\/\/sigillarium.pl\/index.php\/wp-json\/wp\/v2\/comments?post=24953"}],"version-history":[{"count":3,"href":"https:\/\/sigillarium.pl\/index.php\/wp-json\/wp\/v2\/posts\/24953\/revisions"}],"predecessor-version":[{"id":24957,"href":"https:\/\/sigillarium.pl\/index.php\/wp-json\/wp\/v2\/posts\/24953\/revisions\/24957"}],"wp:featuredmedia":[{"embeddable":true,"href":"https:\/\/sigillarium.pl\/index.php\/wp-json\/wp\/v2\/media\/24958"}],"wp:attachment":[{"href":"https:\/\/sigillarium.pl\/index.php\/wp-json\/wp\/v2\/media?parent=24953"}],"wp:term":[{"taxonomy":"category","embeddable":true,"href":"https:\/\/sigillarium.pl\/index.php\/wp-json\/wp\/v2\/categories?post=24953"},{"taxonomy":"post_tag","embeddable":true,"href":"https:\/\/sigillarium.pl\/index.php\/wp-json\/wp\/v2\/tags?post=24953"}],"curies":[{"name":"wp","href":"https:\/\/api.w.org\/{rel}","templated":true}]}}